{"id":8733,"date":"2026-05-30T09:28:10","date_gmt":"2026-05-30T09:28:10","guid":{"rendered":"https:\/\/dev.empiricus.eu\/silver-worker-sind-deutschlands-senioren-die-loesung-fuer-den-fachkraeftemangel-en\/"},"modified":"2026-05-30T09:28:10","modified_gmt":"2026-05-30T09:28:10","slug":"silver-worker-sind-deutschlands-senioren-die-loesung-fuer-den-fachkraeftemangel-en","status":"publish","type":"post","link":"https:\/\/empiricus.eu\/en\/silver-worker-sind-deutschlands-senioren-die-loesung-fuer-den-fachkraeftemangel-en\/","title":{"rendered":"Silver Worker: Sind Deutschlands Senioren die L\u00f6sung f\u00fcr den Fachkr\u00e4ftemangel?"},"content":{"rendered":"<p><em><strong>W\u00e4hrend Deutschlands Babyboomer in Rente gehen, droht der Arbeitsmarkt zu kippen: Immer mehr Unternehmen k\u00f6nnen ihre offenen Stellen nicht besetzen. Die daraus entstehende L\u00fccke betrifft fast alle Branchen und versch\u00e4rft sich durch die demografische Entwicklung. Die Frage wird immer dr\u00e4ngender: K\u00f6nnten \u00e4ltere Arbeitnehmer, die sogenannten \u201eSilver Worker\u201c, zur L\u00f6sung der Krise beitragen? Der Trend deutet darauf hin, dass Deutschlands Senioren auf dem Arbeitsmarkt zunehmend wichtiger werden \u2013 aber unter welchen Bedingungen?<\/p>\n<p><\/strong><\/em><\/p>\n<h3 id=\"h-ein-teufelskreis-der-fachkraftemangel-und-seine-ursachen\" class=\"wp-block-heading\">Ein Teufelskreis: Der Fachkr\u00e4ftemangel und seine Ursachen<\/h3>\n<p>Die aktuelle Lage ist alarmierend. Laut Statistischem Bundesamt wird <a href=\"https:\/\/arbeits-abc.de\/fachkraeftemangel-unternehmen-sichern-talente\/\" target=\"_blank\" rel=\"noopener\">bis 2035 die Erwerbsbev\u00f6lkerung um 4 bis 5 Millionen schrumpfen<\/a>. Vor allem in technischen und pflegerischen Berufen sind die Defizite deutlich sp\u00fcrbar. Die Babyboomer, die in den 1950er- und 1960er-Jahren geboren wurden, gehen in Scharen in den Ruhestand und rei\u00dfen damit tiefe L\u00fccken. Selbst hochdigitalisierte Unternehmen sp\u00fcren die Folgen, da Erfahrung und spezialisierte Kenntnisse der Babyboomer-Generation nicht schnell genug durch Nachwuchskr\u00e4fte ersetzt werden k\u00f6nnen.<\/p>\n<h3 id=\"h-silver-worker-als-chance-mehr-als-nur-ein-ersatz\" class=\"wp-block-heading\">Silver Worker als Chance \u2013 Mehr als nur ein Ersatz?<\/h3>\n<p>\u201eSilver Worker\u201c sind Personen ab 55 Jahren, die noch aktiv am Arbeitsmarkt teilnehmen, oft in Teilzeit oder als Berater*innen. Diese Gruppe bringt nicht nur jahrzehntelange Erfahrung mit, sondern auch ein Verst\u00e4ndnis f\u00fcr die internen Strukturen und Abl\u00e4ufe, die gerade in gr\u00f6\u00dferen Unternehmen oft schwer zu vermitteln sind. Zudem haben Studien gezeigt, dass Silver Worker in der Regel loyaler und belastbarer sind und <strong>in Konfliktsituationen mit ruhigerem Kopf reagieren<\/strong>. K\u00f6nnten sie die L\u00f6sung f\u00fcr das Fachkr\u00e4fte-Dilemma sein?<\/p>\n<p>Ein Blick auf andere L\u00e4nder zeigt das Potenzial: Japan, dessen Bev\u00f6lkerung noch \u00e4lter ist als die deutsche, integriert seit Jahren systematisch \u00e4ltere Arbeitskr\u00e4fte. Unternehmen bieten dort verst\u00e4rkt altersgerechte Arbeitsbedingungen an und profitieren von der Expertise ihrer Silver Worker.<\/p>\n<h3 id=\"h-die-hindernisse-alter-diskriminierung-und-starre-arbeitsmodelle\" class=\"wp-block-heading\">Die Hindernisse: Alter Diskriminierung und starre Arbeitsmodelle<\/h3>\n<p>Doch in Deutschland ist der Weg f\u00fcr Silver Worker nicht immer einfach. Trotz Fachkr\u00e4ftemangel sehen sich \u00e4ltere Arbeitnehmer oft mit Vorurteilen konfrontiert: Sie gelten als wenig belastbar, technikfeindlich und unflexibel. Viele Unternehmen investieren nur ungern in Weiterbildungen f\u00fcr \u00fcber 55-J\u00e4hrige, weil sie f\u00fcrchten, dass sich die Investition nicht \u201e<strong>rentiert<\/strong>\u201c. Dabei beweisen Umfragen das Gegenteil: Silver Worker sind oft motivierter, als viele glauben, und bringen nicht nur Wissen, sondern auch Ruhe und Stabilit\u00e4t ins Team.<\/p>\n<p>Die Vorurteile gegen \u00e4ltere Besch\u00e4ftigte spiegeln sich auch in den Strukturen vieler Unternehmen wider. Viele Arbeitsmodelle sind auf die sogenannte \u201e<strong>Rush Hour des Lebens<\/strong>\u201c ausgerichtet, also die Lebensphase zwischen 30 und 50 Jahren, in der ein Mensch klassisch am leistungsf\u00e4higsten sein soll. F\u00fcr \u00e4ltere Arbeitnehmer gibt es dagegen kaum gezielte Angebote wie flexible Arbeitszeiten oder Homeoffice-Optionen, die speziell auf ihre Bed\u00fcrfnisse angepasst sind. Hier wird oft Potenzial verschenkt.<\/p>\n<h3 id=\"h-silver-worker-als-mentoren-wissenstransfer-der-bleibt\" class=\"wp-block-heading\">Silver Worker als Mentoren: Wissenstransfer, der bleibt<\/h3>\n<p>Ein weiterer Vorteil der Silver Worker liegt in ihrer F\u00e4higkeit, Wissen weiterzugeben. In einer Zeit, in der der Fachkr\u00e4ftemangel Innovationen und Entwicklung bremst, ist das <strong>Know-how der \u00e4lteren Generation<\/strong> von unsch\u00e4tzbarem Wert. In vielen Unternehmen etablieren sich bereits Modelle, in denen \u00e4ltere Besch\u00e4ftigte als Mentoren f\u00fcr j\u00fcngere Kollegen fungieren und so den Generationenwechsel aktiv unterst\u00fctzen. Besonders in Branchen mit komplexen technischen Anforderungen oder langj\u00e4hrigen Kundenbeziehungen, etwa im Maschinenbau oder in der Pharmaindustrie, ist dieser Wissenstransfer Gold wert.<\/p>\n<p>Auch kleinere Unternehmen setzen zunehmend auf diese Erfahrungstr\u00e4ger und entwickeln individuelle Modelle, in denen Senioren in Teilzeit oder als Freelancer\u00a0ihre langj\u00e4hrige Expertise einbringen.<\/p>\n<h3 id=\"h-rahmenbedingungen-schaffen-was-unternehmen-und-politik-tun-mussen\" class=\"wp-block-heading\">Rahmenbedingungen schaffen: Was Unternehmen und Politik tun m\u00fcssen<\/h3>\n<p>Damit <a class=\"google-anno\" href=\"https:\/\/arbeits-abc.de\/silver-worker-gegen-den-fachkraeftemangel\/?xing_share=news\" target=\"_blank\" rel=\"noopener\" data-google-vignette=\"false\" data-google-interstitial=\"false\">\u00a0<span class=\"google-anno-t\">Silver Worker<\/span><\/a> wirklich zum Motor gegen den Fachkr\u00e4ftemangel werden, sind klare Anpassungen erforderlich. Neben der \u00dcberwindung der Altersdiskriminierung auf dem Arbeitsmarkt brauchen Unternehmen konkrete Ma\u00dfnahmen, die \u00e4ltere Besch\u00e4ftigte aktiv f\u00f6rdern. Das beginnt bei einer inklusiven Unternehmenskultur und endet bei flexibleren Arbeitszeitmodellen.<\/p>\n<p>Doch auch die Politik ist gefragt. Forderungen nach einer schrittweisen Anhebung des Rentenalters werden derzeit kontrovers diskutiert, doch f\u00fcr viele \u00e4ltere Arbeitnehmer ist der Gedanke, \u00fcber das Rentenalter hinaus zu arbeiten, eine <strong>M\u00f6glichkeit aber auch ein Muss zur finanziellen Absicherung<\/strong> und zur gesellschaftlichen Teilhabe. Steuerliche Erleichterungen und Zusch\u00fcsse f\u00fcr Weiterbildungen k\u00f6nnten \u00e4ltere Menschen motivieren, l\u00e4nger im Arbeitsleben zu bleiben.<\/p>\n<p><strong>Einen Schritt in diese Richtung hat die Bundesregierung bereits gemacht:<\/strong> Durch die erleichterte Rentenbesteuerung f\u00fcr Besch\u00e4ftigte \u00fcber 63 sollen Anreize geschaffen werden, das Erwerbsleben freiwillig zu verl\u00e4ngern. Hierbei geht es aber nicht nur um die finanzielle Komponente, sondern auch um eine Wertsch\u00e4tzung und Anerkennung, die Silver Worker in vielen Unternehmen bislang vermissen lassen.<\/p>\n<h3 id=\"h-was-konnen-silver-worker-langfristig-bewirken\" class=\"wp-block-heading\">Was k\u00f6nnen Silver Worker langfristig bewirken?<\/h3>\n<p>Wenn Unternehmen Silver Worker als vollwertige Arbeitskr\u00e4fte betrachten und ihre Vorteile aktiv nutzen, kann die demografische Entwicklung eine neue Dynamik entfalten: Anstatt lediglich als \u00dcbergangsl\u00f6sung gesehen zu werden, k\u00f6nnten \u00e4ltere Besch\u00e4ftigte langfristig eine wertvolle S\u00e4ule im Arbeitsmarkt werden, die ihre spezifische Expertise einbringt und die j\u00fcngeren Generationen st\u00e4rkt. Silver Worker w\u00e4ren dann nicht nur eine Antwort auf den Fachkr\u00e4ftemangel, sondern ein integraler Bestandteil einer zukunftsf\u00e4higen, altersdiversen Arbeitswelt.<\/p>\n<h3 id=\"h-fazit-die-zeit-ist-reif-fur-einen-kulturwandel\" class=\"wp-block-heading\">Fazit: Die Zeit ist reif f\u00fcr einen Kulturwandel<\/h3>\n<p>Der demografische Wandel l\u00e4sst sich nicht aufhalten, und der Fachkr\u00e4ftemangel wird auch nicht durch kurzfristige Ma\u00dfnahmen behoben werden. Die Silver Worker sind eine ungenutzte Ressource, die viel Potenzial birgt. Doch damit sie wirklich als L\u00f6sung dienen k\u00f6nnen, braucht es Offenheit, Anpassungen in den Unternehmen und ein Umdenken bei Arbeitgebern und der Gesellschaft. Silver Worker k\u00f6nnten die Arbeitswelt von morgen bereichern \u2013 wenn wir ihnen den Platz und die Wertsch\u00e4tzung geben, die sie verdienen.<\/p>\n<p><em>Quelle: <a href=\"https:\/\/arbeits-abc.de\/silver-worker-gegen-den-fachkraeftemangel\/?xing_share=news#google_vignette\" target=\"_blank\" rel=\"noopener\">arbeits-abc.de<\/a><\/em><\/p>\n","protected":false},"excerpt":{"rendered":"<p>W\u00e4hrend Deutschlands Babyboomer in Rente gehen, droht der Arbeitsmarkt zu kippen: Immer mehr Unternehmen k\u00f6nnen ihre offenen Stellen nicht besetzen. [&hellip;]<\/p>\n","protected":false},"author":1,"featured_media":5819,"comment_status":"open","ping_status":"open","sticky":false,"template":"","format":"standard","meta":{"_monsterinsights_skip_tracking":false,"_uf_show_specific_survey":0,"_uf_disable_surveys":false,"site-sidebar-layout":"default","site-content-layout":"","ast-site-content-layout":"default","site-content-style":"default","site-sidebar-style":"default","ast-global-header-display":"","ast-banner-title-visibility":"","ast-main-header-display":"","ast-hfb-above-header-display":"","ast-hfb-below-header-display":"","ast-hfb-mobile-header-display":"","site-post-title":"","ast-breadcrumbs-content":"","ast-featured-img":"","footer-sml-layout":"","ast-disable-related-posts":"","theme-transparent-header-meta":"","adv-header-id-meta":"","stick-header-meta":"","header-above-stick-meta":"","header-main-stick-meta":"","header-below-stick-meta":"","astra-migrate-meta-layouts":"default","ast-page-background-enabled":"default","ast-page-background-meta":{"desktop":{"background-color":"var(--ast-global-color-5)","background-image":"","background-repeat":"repeat","background-position":"center center","background-size":"auto","background-attachment":"scroll","background-type":"","background-media":"","overlay-type":"","overlay-color":"","overlay-opacity":"","overlay-gradient":""},"tablet":{"background-color":"","background-image":"","background-repeat":"repeat","background-position":"center center","background-size":"auto","background-attachment":"scroll","background-type":"","background-media":"","overlay-type":"","overlay-color":"","overlay-opacity":"","overlay-gradient":""},"mobile":{"background-color":"","background-image":"","background-repeat":"repeat","background-position":"center center","background-size":"auto","background-attachment":"scroll","background-type":"","background-media":"","overlay-type":"","overlay-color":"","overlay-opacity":"","overlay-gradient":""}},"ast-content-background-meta":{"desktop":{"background-color":"var(--ast-global-color-4)","background-image":"","background-repeat":"repeat","background-position":"center center","background-size":"auto","background-attachment":"scroll","background-type":"","background-media":"","overlay-type":"","overlay-color":"","overlay-opacity":"","overlay-gradient":""},"tablet":{"background-color":"var(--ast-global-color-4)","background-image":"","background-repeat":"repeat","background-position":"center center","background-size":"auto","background-attachment":"scroll","background-type":"","background-media":"","overlay-type":"","overlay-color":"","overlay-opacity":"","overlay-gradient":""},"mobile":{"background-color":"var(--ast-global-color-4)","background-image":"","background-repeat":"repeat","background-position":"center center","background-size":"auto","background-attachment":"scroll","background-type":"","background-media":"","overlay-type":"","overlay-color":"","overlay-opacity":"","overlay-gradient":""}},"footnotes":""},"categories":[1],"tags":[421],"class_list":["post-8733","post","type-post","status-publish","format-standard","has-post-thumbnail","hentry","category-unkategorisiert","tag-50plus-arbeitswelten-arbeitszeitmodell-babyboomer-generation-50plus-generationenmanagement-generationswechsel"],"aioseo_notices":[],"aioseo_head":"\n\t\t<!-- All in One SEO 5.0.0.1 - aioseo.com -->\n\t<meta name=\"description\" content=\"W\u00e4hrend Deutschlands Babyboomer in Rente gehen, droht der Arbeitsmarkt zu kippen: Immer mehr Unternehmen k\u00f6nnen ihre offenen Stellen nicht besetzen. Die daraus entstehende L\u00fccke betrifft fast alle Branchen und versch\u00e4rft sich durch die demografische Entwicklung. Die Frage wird immer dr\u00e4ngender: K\u00f6nnten \u00e4ltere Arbeitnehmer, die sogenannten \u201eSilver Worker\u201c, zur L\u00f6sung der Krise beitragen? Der Trend deutet\" \/>\n\t<meta name=\"robots\" content=\"max-image-preview:large\" \/>\n\t<meta name=\"author\" content=\"adminempiricus\"\/>\n\t<link rel=\"canonical\" href=\"https:\/\/empiricus.eu\/en\/silver-worker-sind-deutschlands-senioren-die-loesung-fuer-den-fachkraeftemangel-en\/\" \/>\n\t<meta name=\"generator\" content=\"All in One SEO (AIOSEO) 5.0.0.1\" \/>\n\t\t<meta property=\"og:locale\" content=\"en_US\" \/>\n\t\t<meta property=\"og:site_name\" content=\"IT Recruiting and Executive Advisory | empiricus GmbH -\" \/>\n\t\t<meta property=\"og:type\" content=\"article\" \/>\n\t\t<meta property=\"og:title\" content=\"Silver Worker: Sind Deutschlands Senioren die L\u00f6sung f\u00fcr den Fachkr\u00e4ftemangel? - IT Recruiting and Executive Advisory | empiricus GmbH\" \/>\n\t\t<meta property=\"og:description\" content=\"W\u00e4hrend Deutschlands Babyboomer in Rente gehen, droht der Arbeitsmarkt zu kippen: Immer mehr Unternehmen k\u00f6nnen ihre offenen Stellen nicht besetzen. Die daraus entstehende L\u00fccke betrifft fast alle Branchen und versch\u00e4rft sich durch die demografische Entwicklung. Die Frage wird immer dr\u00e4ngender: K\u00f6nnten \u00e4ltere Arbeitnehmer, die sogenannten \u201eSilver Worker\u201c, zur L\u00f6sung der Krise beitragen? Der Trend deutet\" \/>\n\t\t<meta property=\"og:url\" content=\"https:\/\/empiricus.eu\/en\/silver-worker-sind-deutschlands-senioren-die-loesung-fuer-den-fachkraeftemangel-en\/\" \/>\n\t\t<meta property=\"article:published_time\" content=\"2026-05-30T09:28:10+00:00\" \/>\n\t\t<meta property=\"article:modified_time\" content=\"2026-05-30T09:28:10+00:00\" \/>\n\t\t<meta name=\"twitter:card\" content=\"summary_large_image\" \/>\n\t\t<meta name=\"twitter:title\" content=\"Silver Worker: Sind Deutschlands Senioren die L\u00f6sung f\u00fcr den Fachkr\u00e4ftemangel? - IT Recruiting and Executive Advisory | empiricus GmbH\" \/>\n\t\t<meta name=\"twitter:description\" content=\"W\u00e4hrend Deutschlands Babyboomer in Rente gehen, droht der Arbeitsmarkt zu kippen: Immer mehr Unternehmen k\u00f6nnen ihre offenen Stellen nicht besetzen. Die daraus entstehende L\u00fccke betrifft fast alle Branchen und versch\u00e4rft sich durch die demografische Entwicklung. Die Frage wird immer dr\u00e4ngender: K\u00f6nnten \u00e4ltere Arbeitnehmer, die sogenannten \u201eSilver Worker\u201c, zur L\u00f6sung der Krise beitragen? Der Trend deutet\" \/>\n\t\t<script type=\"application\/ld+json\" class=\"aioseo-schema\">\n\t\t\t{\"@context\":\"https:\\\/\\\/schema.org\",\"@graph\":[{\"@type\":\"BlogPosting\",\"@id\":\"https:\\\/\\\/empiricus.eu\\\/en\\\/silver-worker-sind-deutschlands-senioren-die-loesung-fuer-den-fachkraeftemangel-en\\\/#blogposting\",\"name\":\"Silver Worker: Sind Deutschlands Senioren die L\\u00f6sung f\\u00fcr den Fachkr\\u00e4ftemangel? - IT Recruiting and Executive Advisory | empiricus GmbH\",\"headline\":\"Silver Worker: Sind Deutschlands Senioren die L\\u00f6sung f\\u00fcr den Fachkr\\u00e4ftemangel?\",\"author\":{\"@id\":\"https:\\\/\\\/empiricus.eu\\\/en\\\/author\\\/adminempiricus\\\/#author\"},\"publisher\":{\"@id\":\"https:\\\/\\\/empiricus.eu\\\/en\\\/#organization\"},\"image\":{\"@type\":\"ImageObject\",\"url\":\"https:\\\/\\\/empiricus.eu\\\/wp-content\\\/uploads\\\/2026\\\/05\\\/blog_10.jpg\",\"width\":300,\"height\":293},\"datePublished\":\"2026-05-30T09:28:10+02:00\",\"dateModified\":\"2026-05-30T09:28:10+02:00\",\"inLanguage\":\"en-US\",\"mainEntityOfPage\":{\"@id\":\"https:\\\/\\\/empiricus.eu\\\/en\\\/silver-worker-sind-deutschlands-senioren-die-loesung-fuer-den-fachkraeftemangel-en\\\/#webpage\"},\"isPartOf\":{\"@id\":\"https:\\\/\\\/empiricus.eu\\\/en\\\/silver-worker-sind-deutschlands-senioren-die-loesung-fuer-den-fachkraeftemangel-en\\\/#webpage\"},\"articleSection\":\"Unkategorisiert, 50plus Arbeitswelten Arbeitszeitmodell Babyboomer Generation 50plus Generationenmanagement Generationswechsel, Optional, Optional\"},{\"@type\":\"BreadcrumbList\",\"@id\":\"https:\\\/\\\/empiricus.eu\\\/en\\\/silver-worker-sind-deutschlands-senioren-die-loesung-fuer-den-fachkraeftemangel-en\\\/#breadcrumblist\",\"itemListElement\":[{\"@type\":\"ListItem\",\"@id\":\"https:\\\/\\\/empiricus.eu\\\/en\\\/#listItem\",\"position\":1,\"name\":\"Home\",\"item\":\"https:\\\/\\\/empiricus.eu\\\/en\\\/\",\"nextItem\":{\"@type\":\"ListItem\",\"@id\":\"https:\\\/\\\/empiricus.eu\\\/category\\\/unkategorisiert\\\/#listItem\",\"name\":\"Unkategorisiert\"}},{\"@type\":\"ListItem\",\"@id\":\"https:\\\/\\\/empiricus.eu\\\/category\\\/unkategorisiert\\\/#listItem\",\"position\":2,\"name\":\"Unkategorisiert\",\"item\":\"https:\\\/\\\/empiricus.eu\\\/category\\\/unkategorisiert\\\/\",\"nextItem\":{\"@type\":\"ListItem\",\"@id\":\"https:\\\/\\\/empiricus.eu\\\/en\\\/silver-worker-sind-deutschlands-senioren-die-loesung-fuer-den-fachkraeftemangel-en\\\/#listItem\",\"name\":\"Silver Worker: Sind Deutschlands Senioren die L\\u00f6sung f\\u00fcr den Fachkr\\u00e4ftemangel?\"},\"previousItem\":{\"@type\":\"ListItem\",\"@id\":\"https:\\\/\\\/empiricus.eu\\\/en\\\/#listItem\",\"name\":\"Home\"}},{\"@type\":\"ListItem\",\"@id\":\"https:\\\/\\\/empiricus.eu\\\/en\\\/silver-worker-sind-deutschlands-senioren-die-loesung-fuer-den-fachkraeftemangel-en\\\/#listItem\",\"position\":3,\"name\":\"Silver Worker: Sind Deutschlands Senioren die L\\u00f6sung f\\u00fcr den Fachkr\\u00e4ftemangel?\",\"previousItem\":{\"@type\":\"ListItem\",\"@id\":\"https:\\\/\\\/empiricus.eu\\\/category\\\/unkategorisiert\\\/#listItem\",\"name\":\"Unkategorisiert\"}}]},{\"@type\":\"Organization\",\"@id\":\"https:\\\/\\\/empiricus.eu\\\/en\\\/#organization\",\"name\":\"IT Recruiting and Executive Advisory | empiricus GmbH\",\"url\":\"https:\\\/\\\/empiricus.eu\\\/en\\\/\"},{\"@type\":\"Person\",\"@id\":\"https:\\\/\\\/empiricus.eu\\\/en\\\/author\\\/adminempiricus\\\/#author\",\"url\":\"https:\\\/\\\/empiricus.eu\\\/en\\\/author\\\/adminempiricus\\\/\",\"name\":\"adminempiricus\",\"image\":{\"@type\":\"ImageObject\",\"@id\":\"https:\\\/\\\/empiricus.eu\\\/en\\\/silver-worker-sind-deutschlands-senioren-die-loesung-fuer-den-fachkraeftemangel-en\\\/#authorImage\",\"url\":\"https:\\\/\\\/secure.gravatar.com\\\/avatar\\\/219519c2adb9ca1437af93154ebfe0dc3a95fbe50c53f2a59ad5a5bfc5db0def?s=96&d=mm&r=g\",\"width\":96,\"height\":96,\"caption\":\"adminempiricus\"}},{\"@type\":\"WebPage\",\"@id\":\"https:\\\/\\\/empiricus.eu\\\/en\\\/silver-worker-sind-deutschlands-senioren-die-loesung-fuer-den-fachkraeftemangel-en\\\/#webpage\",\"url\":\"https:\\\/\\\/empiricus.eu\\\/en\\\/silver-worker-sind-deutschlands-senioren-die-loesung-fuer-den-fachkraeftemangel-en\\\/\",\"name\":\"Silver Worker: Sind Deutschlands Senioren die L\\u00f6sung f\\u00fcr den Fachkr\\u00e4ftemangel? - IT Recruiting and Executive Advisory | empiricus GmbH\",\"description\":\"W\\u00e4hrend Deutschlands Babyboomer in Rente gehen, droht der Arbeitsmarkt zu kippen: Immer mehr Unternehmen k\\u00f6nnen ihre offenen Stellen nicht besetzen. Die daraus entstehende L\\u00fccke betrifft fast alle Branchen und versch\\u00e4rft sich durch die demografische Entwicklung. Die Frage wird immer dr\\u00e4ngender: K\\u00f6nnten \\u00e4ltere Arbeitnehmer, die sogenannten \\u201eSilver Worker\\u201c, zur L\\u00f6sung der Krise beitragen? Der Trend deutet\",\"inLanguage\":\"en-US\",\"isPartOf\":{\"@id\":\"https:\\\/\\\/empiricus.eu\\\/en\\\/#website\"},\"breadcrumb\":{\"@id\":\"https:\\\/\\\/empiricus.eu\\\/en\\\/silver-worker-sind-deutschlands-senioren-die-loesung-fuer-den-fachkraeftemangel-en\\\/#breadcrumblist\"},\"author\":{\"@id\":\"https:\\\/\\\/empiricus.eu\\\/en\\\/author\\\/adminempiricus\\\/#author\"},\"creator\":{\"@id\":\"https:\\\/\\\/empiricus.eu\\\/en\\\/author\\\/adminempiricus\\\/#author\"},\"image\":{\"@type\":\"ImageObject\",\"url\":\"https:\\\/\\\/empiricus.eu\\\/wp-content\\\/uploads\\\/2026\\\/05\\\/blog_10.jpg\",\"@id\":\"https:\\\/\\\/empiricus.eu\\\/en\\\/silver-worker-sind-deutschlands-senioren-die-loesung-fuer-den-fachkraeftemangel-en\\\/#mainImage\",\"width\":300,\"height\":293},\"primaryImageOfPage\":{\"@id\":\"https:\\\/\\\/empiricus.eu\\\/en\\\/silver-worker-sind-deutschlands-senioren-die-loesung-fuer-den-fachkraeftemangel-en\\\/#mainImage\"},\"datePublished\":\"2026-05-30T09:28:10+02:00\",\"dateModified\":\"2026-05-30T09:28:10+02:00\"},{\"@type\":\"WebSite\",\"@id\":\"https:\\\/\\\/empiricus.eu\\\/en\\\/#website\",\"url\":\"https:\\\/\\\/empiricus.eu\\\/en\\\/\",\"name\":\"IT Recruiting and Executive Advisory | empiricus GmbH\",\"inLanguage\":\"en-US\",\"publisher\":{\"@id\":\"https:\\\/\\\/empiricus.eu\\\/en\\\/#organization\"}}]}\n\t\t<\/script>\n\t\t<!-- All in One SEO -->\n\n","aioseo_head_json":{"title":"Silver Worker: Sind Deutschlands Senioren die L\u00f6sung f\u00fcr den Fachkr\u00e4ftemangel? - IT Recruiting and Executive Advisory | empiricus GmbH","description":"W\u00e4hrend Deutschlands Babyboomer in Rente gehen, droht der Arbeitsmarkt zu kippen: Immer mehr Unternehmen k\u00f6nnen ihre offenen Stellen nicht besetzen. Die daraus entstehende L\u00fccke betrifft fast alle Branchen und versch\u00e4rft sich durch die demografische Entwicklung. Die Frage wird immer dr\u00e4ngender: K\u00f6nnten \u00e4ltere Arbeitnehmer, die sogenannten \u201eSilver Worker\u201c, zur L\u00f6sung der Krise beitragen? Der Trend deutet","canonical_url":"https:\/\/empiricus.eu\/en\/silver-worker-sind-deutschlands-senioren-die-loesung-fuer-den-fachkraeftemangel-en\/","robots":"max-image-preview:large","keywords":"","webmasterTools":{"miscellaneous":""},"schema":{"@context":"https:\/\/schema.org","@graph":[{"@type":"BlogPosting","@id":"https:\/\/empiricus.eu\/en\/silver-worker-sind-deutschlands-senioren-die-loesung-fuer-den-fachkraeftemangel-en\/#blogposting","name":"Silver Worker: Sind Deutschlands Senioren die L\u00f6sung f\u00fcr den Fachkr\u00e4ftemangel? - IT Recruiting and Executive Advisory | empiricus GmbH","headline":"Silver Worker: Sind Deutschlands Senioren die L\u00f6sung f\u00fcr den Fachkr\u00e4ftemangel?","author":{"@id":"https:\/\/empiricus.eu\/en\/author\/adminempiricus\/#author"},"publisher":{"@id":"https:\/\/empiricus.eu\/en\/#organization"},"image":{"@type":"ImageObject","url":"https:\/\/empiricus.eu\/wp-content\/uploads\/2026\/05\/blog_10.jpg","width":300,"height":293},"datePublished":"2026-05-30T09:28:10+02:00","dateModified":"2026-05-30T09:28:10+02:00","inLanguage":"en-US","mainEntityOfPage":{"@id":"https:\/\/empiricus.eu\/en\/silver-worker-sind-deutschlands-senioren-die-loesung-fuer-den-fachkraeftemangel-en\/#webpage"},"isPartOf":{"@id":"https:\/\/empiricus.eu\/en\/silver-worker-sind-deutschlands-senioren-die-loesung-fuer-den-fachkraeftemangel-en\/#webpage"},"articleSection":"Unkategorisiert, 50plus Arbeitswelten Arbeitszeitmodell Babyboomer Generation 50plus Generationenmanagement Generationswechsel, Optional, Optional"},{"@type":"BreadcrumbList","@id":"https:\/\/empiricus.eu\/en\/silver-worker-sind-deutschlands-senioren-die-loesung-fuer-den-fachkraeftemangel-en\/#breadcrumblist","itemListElement":[{"@type":"ListItem","@id":"https:\/\/empiricus.eu\/en\/#listItem","position":1,"name":"Home","item":"https:\/\/empiricus.eu\/en\/","nextItem":{"@type":"ListItem","@id":"https:\/\/empiricus.eu\/category\/unkategorisiert\/#listItem","name":"Unkategorisiert"}},{"@type":"ListItem","@id":"https:\/\/empiricus.eu\/category\/unkategorisiert\/#listItem","position":2,"name":"Unkategorisiert","item":"https:\/\/empiricus.eu\/category\/unkategorisiert\/","nextItem":{"@type":"ListItem","@id":"https:\/\/empiricus.eu\/en\/silver-worker-sind-deutschlands-senioren-die-loesung-fuer-den-fachkraeftemangel-en\/#listItem","name":"Silver Worker: Sind Deutschlands Senioren die L\u00f6sung f\u00fcr den Fachkr\u00e4ftemangel?"},"previousItem":{"@type":"ListItem","@id":"https:\/\/empiricus.eu\/en\/#listItem","name":"Home"}},{"@type":"ListItem","@id":"https:\/\/empiricus.eu\/en\/silver-worker-sind-deutschlands-senioren-die-loesung-fuer-den-fachkraeftemangel-en\/#listItem","position":3,"name":"Silver Worker: Sind Deutschlands Senioren die L\u00f6sung f\u00fcr den Fachkr\u00e4ftemangel?","previousItem":{"@type":"ListItem","@id":"https:\/\/empiricus.eu\/category\/unkategorisiert\/#listItem","name":"Unkategorisiert"}}]},{"@type":"Organization","@id":"https:\/\/empiricus.eu\/en\/#organization","name":"IT Recruiting and Executive Advisory | empiricus GmbH","url":"https:\/\/empiricus.eu\/en\/"},{"@type":"Person","@id":"https:\/\/empiricus.eu\/en\/author\/adminempiricus\/#author","url":"https:\/\/empiricus.eu\/en\/author\/adminempiricus\/","name":"adminempiricus","image":{"@type":"ImageObject","@id":"https:\/\/empiricus.eu\/en\/silver-worker-sind-deutschlands-senioren-die-loesung-fuer-den-fachkraeftemangel-en\/#authorImage","url":"https:\/\/secure.gravatar.com\/avatar\/219519c2adb9ca1437af93154ebfe0dc3a95fbe50c53f2a59ad5a5bfc5db0def?s=96&d=mm&r=g","width":96,"height":96,"caption":"adminempiricus"}},{"@type":"WebPage","@id":"https:\/\/empiricus.eu\/en\/silver-worker-sind-deutschlands-senioren-die-loesung-fuer-den-fachkraeftemangel-en\/#webpage","url":"https:\/\/empiricus.eu\/en\/silver-worker-sind-deutschlands-senioren-die-loesung-fuer-den-fachkraeftemangel-en\/","name":"Silver Worker: Sind Deutschlands Senioren die L\u00f6sung f\u00fcr den Fachkr\u00e4ftemangel? - IT Recruiting and Executive Advisory | empiricus GmbH","description":"W\u00e4hrend Deutschlands Babyboomer in Rente gehen, droht der Arbeitsmarkt zu kippen: Immer mehr Unternehmen k\u00f6nnen ihre offenen Stellen nicht besetzen. Die daraus entstehende L\u00fccke betrifft fast alle Branchen und versch\u00e4rft sich durch die demografische Entwicklung. Die Frage wird immer dr\u00e4ngender: K\u00f6nnten \u00e4ltere Arbeitnehmer, die sogenannten \u201eSilver Worker\u201c, zur L\u00f6sung der Krise beitragen? Der Trend deutet","inLanguage":"en-US","isPartOf":{"@id":"https:\/\/empiricus.eu\/en\/#website"},"breadcrumb":{"@id":"https:\/\/empiricus.eu\/en\/silver-worker-sind-deutschlands-senioren-die-loesung-fuer-den-fachkraeftemangel-en\/#breadcrumblist"},"author":{"@id":"https:\/\/empiricus.eu\/en\/author\/adminempiricus\/#author"},"creator":{"@id":"https:\/\/empiricus.eu\/en\/author\/adminempiricus\/#author"},"image":{"@type":"ImageObject","url":"https:\/\/empiricus.eu\/wp-content\/uploads\/2026\/05\/blog_10.jpg","@id":"https:\/\/empiricus.eu\/en\/silver-worker-sind-deutschlands-senioren-die-loesung-fuer-den-fachkraeftemangel-en\/#mainImage","width":300,"height":293},"primaryImageOfPage":{"@id":"https:\/\/empiricus.eu\/en\/silver-worker-sind-deutschlands-senioren-die-loesung-fuer-den-fachkraeftemangel-en\/#mainImage"},"datePublished":"2026-05-30T09:28:10+02:00","dateModified":"2026-05-30T09:28:10+02:00"},{"@type":"WebSite","@id":"https:\/\/empiricus.eu\/en\/#website","url":"https:\/\/empiricus.eu\/en\/","name":"IT Recruiting and Executive Advisory | empiricus GmbH","inLanguage":"en-US","publisher":{"@id":"https:\/\/empiricus.eu\/en\/#organization"}}]},"og:locale":"en_US","og:site_name":"IT Recruiting and Executive Advisory | empiricus GmbH -","og:type":"article","og:title":"Silver Worker: Sind Deutschlands Senioren die L\u00f6sung f\u00fcr den Fachkr\u00e4ftemangel? - IT Recruiting and Executive Advisory | empiricus GmbH","og:description":"W\u00e4hrend Deutschlands Babyboomer in Rente gehen, droht der Arbeitsmarkt zu kippen: Immer mehr Unternehmen k\u00f6nnen ihre offenen Stellen nicht besetzen. Die daraus entstehende L\u00fccke betrifft fast alle Branchen und versch\u00e4rft sich durch die demografische Entwicklung. Die Frage wird immer dr\u00e4ngender: K\u00f6nnten \u00e4ltere Arbeitnehmer, die sogenannten \u201eSilver Worker\u201c, zur L\u00f6sung der Krise beitragen? Der Trend deutet","og:url":"https:\/\/empiricus.eu\/en\/silver-worker-sind-deutschlands-senioren-die-loesung-fuer-den-fachkraeftemangel-en\/","article:published_time":"2026-05-30T09:28:10+00:00","article:modified_time":"2026-05-30T09:28:10+00:00","twitter:card":"summary_large_image","twitter:title":"Silver Worker: Sind Deutschlands Senioren die L\u00f6sung f\u00fcr den Fachkr\u00e4ftemangel? - IT Recruiting and Executive Advisory | empiricus GmbH","twitter:description":"W\u00e4hrend Deutschlands Babyboomer in Rente gehen, droht der Arbeitsmarkt zu kippen: Immer mehr Unternehmen k\u00f6nnen ihre offenen Stellen nicht besetzen. Die daraus entstehende L\u00fccke betrifft fast alle Branchen und versch\u00e4rft sich durch die demografische Entwicklung. Die Frage wird immer dr\u00e4ngender: K\u00f6nnten \u00e4ltere Arbeitnehmer, die sogenannten \u201eSilver Worker\u201c, zur L\u00f6sung der Krise beitragen? Der Trend deutet"},"aioseo_meta_data":{"post_id":"8733","title":null,"description":null,"keywords":null,"keyphrases":{"focus":[],"additional":[]},"primary_term":null,"canonical_url":null,"og_title":null,"og_description":null,"og_object_type":"default","og_image_type":"default","og_image_custom_url":null,"og_image_custom_fields":null,"og_image_url":null,"og_image_width":null,"og_image_height":null,"og_video":null,"og_custom_url":null,"og_article_section":null,"og_article_tags":null,"twitter_use_og":false,"twitter_card":"default","twitter_image_type":"default","twitter_image_custom_url":null,"twitter_image_custom_fields":null,"twitter_image_url":null,"twitter_title":null,"twitter_description":null,"schema_type":"default","schema_type_options":null,"schema":{"blockGraphs":[],"customGraphs":[],"default":{"data":{"Article":[],"Course":[],"Dataset":[],"FAQPage":[],"Movie":[],"Person":[],"Product":[],"ProductReview":[],"Car":[],"Recipe":[],"Service":[],"SoftwareApplication":[],"WebPage":[]},"graphName":"","isEnabled":true},"graphs":[]},"pillar_content":false,"robots_default":true,"robots_noindex":false,"robots_noarchive":false,"robots_nosnippet":false,"robots_nofollow":false,"robots_noimageindex":false,"robots_noodp":false,"robots_notranslate":false,"robots_max_snippet":null,"robots_max_videopreview":null,"robots_max_imagepreview":"large","priority":null,"frequency":null,"local_seo":null,"limit_modified_date":false,"ai":null,"breadcrumb_settings":null,"seo_analyzer_scan_date":null,"created":"2026-07-27 09:12:21","updated":"2026-09-01 08:07:59","focus_keyword":null,"additional_keywords":null,"truseo_locale":null},"aioseo_breadcrumb":"<div class=\"aioseo-breadcrumbs\"><span class=\"aioseo-breadcrumb\">\n\t\t\t<a href=\"https:\/\/empiricus.eu\/en\/\" title=\"Home\">Home<\/a>\n\t\t<\/span><span class=\"aioseo-breadcrumb-separator\">&raquo;<\/span><span class=\"aioseo-breadcrumb\">\n\t\t\t<a href=\"https:\/\/empiricus.eu\/category\/unkategorisiert\/\" title=\"Unkategorisiert\">Unkategorisiert<\/a>\n\t\t<\/span><span class=\"aioseo-breadcrumb-separator\">&raquo;<\/span><span class=\"aioseo-breadcrumb\">\n\t\t\tSilver Worker: Sind Deutschlands Senioren die L\u00f6sung f\u00fcr den Fachkr\u00e4ftemangel?\n\t\t<\/span><\/div>","aioseo_breadcrumb_json":[{"label":"Home","link":"https:\/\/empiricus.eu\/en\/"},{"label":"Unkategorisiert","link":"https:\/\/empiricus.eu\/category\/unkategorisiert\/"},{"label":"Silver Worker: Sind Deutschlands Senioren die L\u00f6sung f\u00fcr den Fachkr\u00e4ftemangel?","link":"https:\/\/empiricus.eu\/en\/silver-worker-sind-deutschlands-senioren-die-loesung-fuer-den-fachkraeftemangel-en\/"}],"_links":{"self":[{"href":"https:\/\/empiricus.eu\/en\/wp-json\/wp\/v2\/posts\/8733","targetHints":{"allow":["GET"]}}],"collection":[{"href":"https:\/\/empiricus.eu\/en\/wp-json\/wp\/v2\/posts"}],"about":[{"href":"https:\/\/empiricus.eu\/en\/wp-json\/wp\/v2\/types\/post"}],"author":[{"embeddable":true,"href":"https:\/\/empiricus.eu\/en\/wp-json\/wp\/v2\/users\/1"}],"replies":[{"embeddable":true,"href":"https:\/\/empiricus.eu\/en\/wp-json\/wp\/v2\/comments?post=8733"}],"version-history":[{"count":0,"href":"https:\/\/empiricus.eu\/en\/wp-json\/wp\/v2\/posts\/8733\/revisions"}],"wp:featuredmedia":[{"embeddable":true,"href":"https:\/\/empiricus.eu\/en\/wp-json\/wp\/v2\/media\/5819"}],"wp:attachment":[{"href":"https:\/\/empiricus.eu\/en\/wp-json\/wp\/v2\/media?parent=8733"}],"wp:term":[{"taxonomy":"category","embeddable":true,"href":"https:\/\/empiricus.eu\/en\/wp-json\/wp\/v2\/categories?post=8733"},{"taxonomy":"post_tag","embeddable":true,"href":"https:\/\/empiricus.eu\/en\/wp-json\/wp\/v2\/tags?post=8733"}],"curies":[{"name":"wp","href":"https:\/\/api.w.org\/{rel}","templated":true}]}}