{"id":8633,"date":"2026-05-30T09:28:04","date_gmt":"2026-05-30T09:28:04","guid":{"rendered":"https:\/\/dev.empiricus.eu\/kalibrierung-der-fuehrungskommunikation-en\/"},"modified":"2026-05-30T09:28:04","modified_gmt":"2026-05-30T09:28:04","slug":"kalibrierung-der-fuehrungskommunikation-en","status":"publish","type":"post","link":"https:\/\/empiricus.eu\/en\/kalibrierung-der-fuehrungskommunikation-en\/","title":{"rendered":"Kalibrierung der F\u00fchrungskommunikation"},"content":{"rendered":"<p><strong><em>F\u00fchrungskommunikation ist f\u00fcr den Erfolg von F\u00fchrung essentiell. Wie immer ist die richtige Dosis zu favorisieren. Eine Studie weist nun aus, dass man aber als F\u00fchrungskraft besser zu viel als zu wenig kommuniziert. Nachfolgend wird dies n\u00e4her erl\u00e4utert.<\/em><\/strong><\/p>\n<div class=\"fusion-text\">\n<p>Wie h\u00e4ufig sprechen Sie mit Ihren Mitarbeitenden? K\u00f6nnen sie ermessen, wie viel Informationsbedarf besteht? Sind Sie sicher? Denn Studien legen nahe, dass F\u00fchrende den Bedarf an Kommunikation deutlich untersch\u00e4tzen. Und wie bewerten es die Gef\u00fchrten, wenn Sie zu viel in deren Augen aufgabenbezogen kommunizieren? Leadership Insiders widmet sich heute der Intensit\u00e4t der F\u00fchrungskommunikation und gew\u00e4hrt \u00fcberraschende Einsichten f\u00fcr den F\u00fchrungsalltag.<\/p>\n<\/div>\n<div class=\"fusion-testimonials classic fusion-testimonials-1\" data-random=\"0\" data-speed=\"4000\">\n<div class=\"reviews\">\n<div class=\"review no-avatar\">\n<p style=\"text-align: center;\"><strong>\u201cThe great enemy of communication,<\/strong><strong>\u00a0<\/strong>we find,<strong> is the illusion of it\u201d (<\/strong><strong>William H. Whyte)<\/strong><\/p>\n<div class=\"author\">\u00a0<\/div>\n<\/div>\n<\/div>\n<\/div>\n<div class=\"fusion-text\">\n<h2 data-fontsize=\"18\" data-lineheight=\"27\">Die Ausrichtung der F\u00fchrungskommunikation<\/h2>\n<p>F\u00fchrungskr\u00e4fte m\u00fcssen stets entscheiden, was und wie viel sie gegen\u00fcber ihren Mitarbeitenden kommunizieren wollen. Da ist zun\u00e4chst der Inhalt der Mitteilung. Geht es um einen Arbeitsauftrag, geht es um das Verhalten gegen\u00fcber dem Kunden usw. Was soll dabei vertiefend angesprochen werden, was nur peripher? Welcher Ton soll gew\u00e4hlt werden? Wie lang soll das Gespr\u00e4ch oder der Text sein, das\/der sich an den Mitarbeitenden richtet? Und letztendlich: Wie h\u00e4ufig bzw. intensiv kommuniziere ich in derselben Sache?\u00a0<\/p>\n<\/div>\n<div class=\"fusion-text\">\n<p><em>Quelle &#8211; den vollst\u00e4ndigen Artikel k\u00f6nnen Sie weiterlesen unter\u00a0<a href=\"https:\/\/www.leadership-insiders.de\/die-kalibrierung-der-fuehrungskommunikation\/\" target=\"_blank\" rel=\"noopener noreferrer\">leadership-insiders.de<\/a><\/em>\u00a0<\/p>\n<\/div>\n","protected":false},"excerpt":{"rendered":"<p>F\u00fchrungskommunikation ist f\u00fcr den Erfolg von F\u00fchrung essentiell. Wie immer ist die richtige Dosis zu favorisieren. Eine Studie weist nun [&hellip;]<\/p>\n","protected":false},"author":1,"featured_media":5905,"comment_status":"open","ping_status":"open","sticky":false,"template":"","format":"standard","meta":{"_monsterinsights_skip_tracking":false,"_uf_show_specific_survey":0,"_uf_disable_surveys":false,"site-sidebar-layout":"default","site-content-layout":"","ast-site-content-layout":"default","site-content-style":"default","site-sidebar-style":"default","ast-global-header-display":"","ast-banner-title-visibility":"","ast-main-header-display":"","ast-hfb-above-header-display":"","ast-hfb-below-header-display":"","ast-hfb-mobile-header-display":"","site-post-title":"","ast-breadcrumbs-content":"","ast-featured-img":"","footer-sml-layout":"","ast-disable-related-posts":"","theme-transparent-header-meta":"","adv-header-id-meta":"","stick-header-meta":"","header-above-stick-meta":"","header-main-stick-meta":"","header-below-stick-meta":"","astra-migrate-meta-layouts":"default","ast-page-background-enabled":"default","ast-page-background-meta":{"desktop":{"background-color":"var(--ast-global-color-5)","background-image":"","background-repeat":"repeat","background-position":"center center","background-size":"auto","background-attachment":"scroll","background-type":"","background-media":"","overlay-type":"","overlay-color":"","overlay-opacity":"","overlay-gradient":""},"tablet":{"background-color":"","background-image":"","background-repeat":"repeat","background-position":"center center","background-size":"auto","background-attachment":"scroll","background-type":"","background-media":"","overlay-type":"","overlay-color":"","overlay-opacity":"","overlay-gradient":""},"mobile":{"background-color":"","background-image":"","background-repeat":"repeat","background-position":"center center","background-size":"auto","background-attachment":"scroll","background-type":"","background-media":"","overlay-type":"","overlay-color":"","overlay-opacity":"","overlay-gradient":""}},"ast-content-background-meta":{"desktop":{"background-color":"var(--ast-global-color-4)","background-image":"","background-repeat":"repeat","background-position":"center center","background-size":"auto","background-attachment":"scroll","background-type":"","background-media":"","overlay-type":"","overlay-color":"","overlay-opacity":"","overlay-gradient":""},"tablet":{"background-color":"var(--ast-global-color-4)","background-image":"","background-repeat":"repeat","background-position":"center center","background-size":"auto","background-attachment":"scroll","background-type":"","background-media":"","overlay-type":"","overlay-color":"","overlay-opacity":"","overlay-gradient":""},"mobile":{"background-color":"var(--ast-global-color-4)","background-image":"","background-repeat":"repeat","background-position":"center center","background-size":"auto","background-attachment":"scroll","background-type":"","background-media":"","overlay-type":"","overlay-color":"","overlay-opacity":"","overlay-gradient":""}},"footnotes":""},"categories":[1085,64],"tags":[313],"class_list":["post-8633","post","type-post","status-publish","format-standard","has-post-thumbnail","hentry","category-leadership-and-management","category-leadership-und-fuehrung","tag-fuhrung-fuhrungsbeziehung-fuhrungsforschung-fuhrungsgesprache-kommunikation-prof_-dr_-jurgen-weibler"],"aioseo_notices":[],"aioseo_head":"\n\t\t<!-- All in One SEO 5.0.0.1 - aioseo.com -->\n\t<meta name=\"description\" content=\"F\u00fchrungskommunikation ist f\u00fcr den Erfolg von F\u00fchrung essentiell. Wie immer ist die richtige Dosis zu favorisieren. Eine Studie weist nun aus, dass man aber als F\u00fchrungskraft besser zu viel als zu wenig kommuniziert. Nachfolgend wird dies n\u00e4her erl\u00e4utert. Wie h\u00e4ufig sprechen Sie mit Ihren Mitarbeitenden? K\u00f6nnen sie ermessen, wie viel Informationsbedarf besteht? Sind Sie sicher?\" \/>\n\t<meta name=\"robots\" content=\"max-image-preview:large\" \/>\n\t<meta name=\"author\" content=\"adminempiricus\"\/>\n\t<link rel=\"canonical\" href=\"https:\/\/empiricus.eu\/en\/kalibrierung-der-fuehrungskommunikation-en\/\" \/>\n\t<meta name=\"generator\" content=\"All in One SEO (AIOSEO) 5.0.0.1\" \/>\n\t\t<meta property=\"og:locale\" content=\"en_US\" \/>\n\t\t<meta property=\"og:site_name\" content=\"IT Recruiting and Executive Advisory | empiricus GmbH -\" \/>\n\t\t<meta property=\"og:type\" content=\"article\" \/>\n\t\t<meta property=\"og:title\" content=\"Kalibrierung der F\u00fchrungskommunikation - IT Recruiting and Executive Advisory | empiricus GmbH\" \/>\n\t\t<meta property=\"og:description\" content=\"F\u00fchrungskommunikation ist f\u00fcr den Erfolg von F\u00fchrung essentiell. Wie immer ist die richtige Dosis zu favorisieren. Eine Studie weist nun aus, dass man aber als F\u00fchrungskraft besser zu viel als zu wenig kommuniziert. Nachfolgend wird dies n\u00e4her erl\u00e4utert. Wie h\u00e4ufig sprechen Sie mit Ihren Mitarbeitenden? K\u00f6nnen sie ermessen, wie viel Informationsbedarf besteht? Sind Sie sicher?\" \/>\n\t\t<meta property=\"og:url\" content=\"https:\/\/empiricus.eu\/en\/kalibrierung-der-fuehrungskommunikation-en\/\" \/>\n\t\t<meta property=\"article:published_time\" content=\"2026-05-30T09:28:04+00:00\" \/>\n\t\t<meta property=\"article:modified_time\" content=\"2026-05-30T09:28:04+00:00\" \/>\n\t\t<meta name=\"twitter:card\" content=\"summary_large_image\" \/>\n\t\t<meta name=\"twitter:title\" content=\"Kalibrierung der F\u00fchrungskommunikation - IT Recruiting and Executive Advisory | empiricus GmbH\" \/>\n\t\t<meta name=\"twitter:description\" content=\"F\u00fchrungskommunikation ist f\u00fcr den Erfolg von F\u00fchrung essentiell. Wie immer ist die richtige Dosis zu favorisieren. Eine Studie weist nun aus, dass man aber als F\u00fchrungskraft besser zu viel als zu wenig kommuniziert. Nachfolgend wird dies n\u00e4her erl\u00e4utert. Wie h\u00e4ufig sprechen Sie mit Ihren Mitarbeitenden? K\u00f6nnen sie ermessen, wie viel Informationsbedarf besteht? Sind Sie sicher?\" \/>\n\t\t<script type=\"application\/ld+json\" class=\"aioseo-schema\">\n\t\t\t{\"@context\":\"https:\\\/\\\/schema.org\",\"@graph\":[{\"@type\":\"BlogPosting\",\"@id\":\"https:\\\/\\\/empiricus.eu\\\/en\\\/kalibrierung-der-fuehrungskommunikation-en\\\/#blogposting\",\"name\":\"Kalibrierung der F\\u00fchrungskommunikation - IT Recruiting and Executive Advisory | empiricus GmbH\",\"headline\":\"Kalibrierung der F\\u00fchrungskommunikation\",\"author\":{\"@id\":\"https:\\\/\\\/empiricus.eu\\\/en\\\/author\\\/adminempiricus\\\/#author\"},\"publisher\":{\"@id\":\"https:\\\/\\\/empiricus.eu\\\/en\\\/#organization\"},\"image\":{\"@type\":\"ImageObject\",\"url\":\"https:\\\/\\\/empiricus.eu\\\/wp-content\\\/uploads\\\/2026\\\/05\\\/blog_40.jpg\",\"width\":300,\"height\":293},\"datePublished\":\"2026-05-30T09:28:04+02:00\",\"dateModified\":\"2026-05-30T09:28:04+02:00\",\"inLanguage\":\"en-US\",\"mainEntityOfPage\":{\"@id\":\"https:\\\/\\\/empiricus.eu\\\/en\\\/kalibrierung-der-fuehrungskommunikation-en\\\/#webpage\"},\"isPartOf\":{\"@id\":\"https:\\\/\\\/empiricus.eu\\\/en\\\/kalibrierung-der-fuehrungskommunikation-en\\\/#webpage\"},\"articleSection\":\"Leadership and Management, Leadership und F\\u00fchrung, F\\u00fchrung F\\u00fchrungsbeziehung F\\u00fchrungsforschung F\\u00fchrungsgespr\\u00e4che Kommunikation Prof_ Dr_ J\\u00fcrgen Weibler, Optional, Optional\"},{\"@type\":\"BreadcrumbList\",\"@id\":\"https:\\\/\\\/empiricus.eu\\\/en\\\/kalibrierung-der-fuehrungskommunikation-en\\\/#breadcrumblist\",\"itemListElement\":[{\"@type\":\"ListItem\",\"@id\":\"https:\\\/\\\/empiricus.eu\\\/en\\\/#listItem\",\"position\":1,\"name\":\"Home\",\"item\":\"https:\\\/\\\/empiricus.eu\\\/en\\\/\",\"nextItem\":{\"@type\":\"ListItem\",\"@id\":\"https:\\\/\\\/empiricus.eu\\\/category\\\/leadership-und-fuehrung\\\/#listItem\",\"name\":\"Leadership und F\\u00fchrung\"}},{\"@type\":\"ListItem\",\"@id\":\"https:\\\/\\\/empiricus.eu\\\/category\\\/leadership-und-fuehrung\\\/#listItem\",\"position\":2,\"name\":\"Leadership und F\\u00fchrung\",\"item\":\"https:\\\/\\\/empiricus.eu\\\/category\\\/leadership-und-fuehrung\\\/\",\"nextItem\":{\"@type\":\"ListItem\",\"@id\":\"https:\\\/\\\/empiricus.eu\\\/en\\\/kalibrierung-der-fuehrungskommunikation-en\\\/#listItem\",\"name\":\"Kalibrierung der F\\u00fchrungskommunikation\"},\"previousItem\":{\"@type\":\"ListItem\",\"@id\":\"https:\\\/\\\/empiricus.eu\\\/en\\\/#listItem\",\"name\":\"Home\"}},{\"@type\":\"ListItem\",\"@id\":\"https:\\\/\\\/empiricus.eu\\\/en\\\/kalibrierung-der-fuehrungskommunikation-en\\\/#listItem\",\"position\":3,\"name\":\"Kalibrierung der F\\u00fchrungskommunikation\",\"previousItem\":{\"@type\":\"ListItem\",\"@id\":\"https:\\\/\\\/empiricus.eu\\\/category\\\/leadership-und-fuehrung\\\/#listItem\",\"name\":\"Leadership und F\\u00fchrung\"}}]},{\"@type\":\"Organization\",\"@id\":\"https:\\\/\\\/empiricus.eu\\\/en\\\/#organization\",\"name\":\"IT Recruiting and Executive Advisory | empiricus GmbH\",\"url\":\"https:\\\/\\\/empiricus.eu\\\/en\\\/\"},{\"@type\":\"Person\",\"@id\":\"https:\\\/\\\/empiricus.eu\\\/en\\\/author\\\/adminempiricus\\\/#author\",\"url\":\"https:\\\/\\\/empiricus.eu\\\/en\\\/author\\\/adminempiricus\\\/\",\"name\":\"adminempiricus\",\"image\":{\"@type\":\"ImageObject\",\"@id\":\"https:\\\/\\\/empiricus.eu\\\/en\\\/kalibrierung-der-fuehrungskommunikation-en\\\/#authorImage\",\"url\":\"https:\\\/\\\/secure.gravatar.com\\\/avatar\\\/219519c2adb9ca1437af93154ebfe0dc3a95fbe50c53f2a59ad5a5bfc5db0def?s=96&d=mm&r=g\",\"width\":96,\"height\":96,\"caption\":\"adminempiricus\"}},{\"@type\":\"WebPage\",\"@id\":\"https:\\\/\\\/empiricus.eu\\\/en\\\/kalibrierung-der-fuehrungskommunikation-en\\\/#webpage\",\"url\":\"https:\\\/\\\/empiricus.eu\\\/en\\\/kalibrierung-der-fuehrungskommunikation-en\\\/\",\"name\":\"Kalibrierung der F\\u00fchrungskommunikation - IT Recruiting and Executive Advisory | empiricus GmbH\",\"description\":\"F\\u00fchrungskommunikation ist f\\u00fcr den Erfolg von F\\u00fchrung essentiell. Wie immer ist die richtige Dosis zu favorisieren. Eine Studie weist nun aus, dass man aber als F\\u00fchrungskraft besser zu viel als zu wenig kommuniziert. Nachfolgend wird dies n\\u00e4her erl\\u00e4utert. Wie h\\u00e4ufig sprechen Sie mit Ihren Mitarbeitenden? K\\u00f6nnen sie ermessen, wie viel Informationsbedarf besteht? Sind Sie sicher?\",\"inLanguage\":\"en-US\",\"isPartOf\":{\"@id\":\"https:\\\/\\\/empiricus.eu\\\/en\\\/#website\"},\"breadcrumb\":{\"@id\":\"https:\\\/\\\/empiricus.eu\\\/en\\\/kalibrierung-der-fuehrungskommunikation-en\\\/#breadcrumblist\"},\"author\":{\"@id\":\"https:\\\/\\\/empiricus.eu\\\/en\\\/author\\\/adminempiricus\\\/#author\"},\"creator\":{\"@id\":\"https:\\\/\\\/empiricus.eu\\\/en\\\/author\\\/adminempiricus\\\/#author\"},\"image\":{\"@type\":\"ImageObject\",\"url\":\"https:\\\/\\\/empiricus.eu\\\/wp-content\\\/uploads\\\/2026\\\/05\\\/blog_40.jpg\",\"@id\":\"https:\\\/\\\/empiricus.eu\\\/en\\\/kalibrierung-der-fuehrungskommunikation-en\\\/#mainImage\",\"width\":300,\"height\":293},\"primaryImageOfPage\":{\"@id\":\"https:\\\/\\\/empiricus.eu\\\/en\\\/kalibrierung-der-fuehrungskommunikation-en\\\/#mainImage\"},\"datePublished\":\"2026-05-30T09:28:04+02:00\",\"dateModified\":\"2026-05-30T09:28:04+02:00\"},{\"@type\":\"WebSite\",\"@id\":\"https:\\\/\\\/empiricus.eu\\\/en\\\/#website\",\"url\":\"https:\\\/\\\/empiricus.eu\\\/en\\\/\",\"name\":\"IT Recruiting and Executive Advisory | empiricus GmbH\",\"inLanguage\":\"en-US\",\"publisher\":{\"@id\":\"https:\\\/\\\/empiricus.eu\\\/en\\\/#organization\"}}]}\n\t\t<\/script>\n\t\t<!-- All in One SEO -->\n\n","aioseo_head_json":{"title":"Kalibrierung der F\u00fchrungskommunikation - IT Recruiting and Executive Advisory | empiricus GmbH","description":"F\u00fchrungskommunikation ist f\u00fcr den Erfolg von F\u00fchrung essentiell. Wie immer ist die richtige Dosis zu favorisieren. Eine Studie weist nun aus, dass man aber als F\u00fchrungskraft besser zu viel als zu wenig kommuniziert. Nachfolgend wird dies n\u00e4her erl\u00e4utert. Wie h\u00e4ufig sprechen Sie mit Ihren Mitarbeitenden? K\u00f6nnen sie ermessen, wie viel Informationsbedarf besteht? Sind Sie sicher?","canonical_url":"https:\/\/empiricus.eu\/en\/kalibrierung-der-fuehrungskommunikation-en\/","robots":"max-image-preview:large","keywords":"","webmasterTools":{"miscellaneous":""},"schema":{"@context":"https:\/\/schema.org","@graph":[{"@type":"BlogPosting","@id":"https:\/\/empiricus.eu\/en\/kalibrierung-der-fuehrungskommunikation-en\/#blogposting","name":"Kalibrierung der F\u00fchrungskommunikation - IT Recruiting and Executive Advisory | empiricus GmbH","headline":"Kalibrierung der F\u00fchrungskommunikation","author":{"@id":"https:\/\/empiricus.eu\/en\/author\/adminempiricus\/#author"},"publisher":{"@id":"https:\/\/empiricus.eu\/en\/#organization"},"image":{"@type":"ImageObject","url":"https:\/\/empiricus.eu\/wp-content\/uploads\/2026\/05\/blog_40.jpg","width":300,"height":293},"datePublished":"2026-05-30T09:28:04+02:00","dateModified":"2026-05-30T09:28:04+02:00","inLanguage":"en-US","mainEntityOfPage":{"@id":"https:\/\/empiricus.eu\/en\/kalibrierung-der-fuehrungskommunikation-en\/#webpage"},"isPartOf":{"@id":"https:\/\/empiricus.eu\/en\/kalibrierung-der-fuehrungskommunikation-en\/#webpage"},"articleSection":"Leadership and Management, Leadership und F\u00fchrung, F\u00fchrung F\u00fchrungsbeziehung F\u00fchrungsforschung F\u00fchrungsgespr\u00e4che Kommunikation Prof_ Dr_ J\u00fcrgen Weibler, Optional, Optional"},{"@type":"BreadcrumbList","@id":"https:\/\/empiricus.eu\/en\/kalibrierung-der-fuehrungskommunikation-en\/#breadcrumblist","itemListElement":[{"@type":"ListItem","@id":"https:\/\/empiricus.eu\/en\/#listItem","position":1,"name":"Home","item":"https:\/\/empiricus.eu\/en\/","nextItem":{"@type":"ListItem","@id":"https:\/\/empiricus.eu\/category\/leadership-und-fuehrung\/#listItem","name":"Leadership und F\u00fchrung"}},{"@type":"ListItem","@id":"https:\/\/empiricus.eu\/category\/leadership-und-fuehrung\/#listItem","position":2,"name":"Leadership und F\u00fchrung","item":"https:\/\/empiricus.eu\/category\/leadership-und-fuehrung\/","nextItem":{"@type":"ListItem","@id":"https:\/\/empiricus.eu\/en\/kalibrierung-der-fuehrungskommunikation-en\/#listItem","name":"Kalibrierung der F\u00fchrungskommunikation"},"previousItem":{"@type":"ListItem","@id":"https:\/\/empiricus.eu\/en\/#listItem","name":"Home"}},{"@type":"ListItem","@id":"https:\/\/empiricus.eu\/en\/kalibrierung-der-fuehrungskommunikation-en\/#listItem","position":3,"name":"Kalibrierung der F\u00fchrungskommunikation","previousItem":{"@type":"ListItem","@id":"https:\/\/empiricus.eu\/category\/leadership-und-fuehrung\/#listItem","name":"Leadership und F\u00fchrung"}}]},{"@type":"Organization","@id":"https:\/\/empiricus.eu\/en\/#organization","name":"IT Recruiting and Executive Advisory | empiricus GmbH","url":"https:\/\/empiricus.eu\/en\/"},{"@type":"Person","@id":"https:\/\/empiricus.eu\/en\/author\/adminempiricus\/#author","url":"https:\/\/empiricus.eu\/en\/author\/adminempiricus\/","name":"adminempiricus","image":{"@type":"ImageObject","@id":"https:\/\/empiricus.eu\/en\/kalibrierung-der-fuehrungskommunikation-en\/#authorImage","url":"https:\/\/secure.gravatar.com\/avatar\/219519c2adb9ca1437af93154ebfe0dc3a95fbe50c53f2a59ad5a5bfc5db0def?s=96&d=mm&r=g","width":96,"height":96,"caption":"adminempiricus"}},{"@type":"WebPage","@id":"https:\/\/empiricus.eu\/en\/kalibrierung-der-fuehrungskommunikation-en\/#webpage","url":"https:\/\/empiricus.eu\/en\/kalibrierung-der-fuehrungskommunikation-en\/","name":"Kalibrierung der F\u00fchrungskommunikation - IT Recruiting and Executive Advisory | empiricus GmbH","description":"F\u00fchrungskommunikation ist f\u00fcr den Erfolg von F\u00fchrung essentiell. Wie immer ist die richtige Dosis zu favorisieren. Eine Studie weist nun aus, dass man aber als F\u00fchrungskraft besser zu viel als zu wenig kommuniziert. Nachfolgend wird dies n\u00e4her erl\u00e4utert. Wie h\u00e4ufig sprechen Sie mit Ihren Mitarbeitenden? K\u00f6nnen sie ermessen, wie viel Informationsbedarf besteht? Sind Sie sicher?","inLanguage":"en-US","isPartOf":{"@id":"https:\/\/empiricus.eu\/en\/#website"},"breadcrumb":{"@id":"https:\/\/empiricus.eu\/en\/kalibrierung-der-fuehrungskommunikation-en\/#breadcrumblist"},"author":{"@id":"https:\/\/empiricus.eu\/en\/author\/adminempiricus\/#author"},"creator":{"@id":"https:\/\/empiricus.eu\/en\/author\/adminempiricus\/#author"},"image":{"@type":"ImageObject","url":"https:\/\/empiricus.eu\/wp-content\/uploads\/2026\/05\/blog_40.jpg","@id":"https:\/\/empiricus.eu\/en\/kalibrierung-der-fuehrungskommunikation-en\/#mainImage","width":300,"height":293},"primaryImageOfPage":{"@id":"https:\/\/empiricus.eu\/en\/kalibrierung-der-fuehrungskommunikation-en\/#mainImage"},"datePublished":"2026-05-30T09:28:04+02:00","dateModified":"2026-05-30T09:28:04+02:00"},{"@type":"WebSite","@id":"https:\/\/empiricus.eu\/en\/#website","url":"https:\/\/empiricus.eu\/en\/","name":"IT Recruiting and Executive Advisory | empiricus GmbH","inLanguage":"en-US","publisher":{"@id":"https:\/\/empiricus.eu\/en\/#organization"}}]},"og:locale":"en_US","og:site_name":"IT Recruiting and Executive Advisory | empiricus GmbH -","og:type":"article","og:title":"Kalibrierung der F\u00fchrungskommunikation - IT Recruiting and Executive Advisory | empiricus GmbH","og:description":"F\u00fchrungskommunikation ist f\u00fcr den Erfolg von F\u00fchrung essentiell. Wie immer ist die richtige Dosis zu favorisieren. Eine Studie weist nun aus, dass man aber als F\u00fchrungskraft besser zu viel als zu wenig kommuniziert. Nachfolgend wird dies n\u00e4her erl\u00e4utert. Wie h\u00e4ufig sprechen Sie mit Ihren Mitarbeitenden? K\u00f6nnen sie ermessen, wie viel Informationsbedarf besteht? Sind Sie sicher?","og:url":"https:\/\/empiricus.eu\/en\/kalibrierung-der-fuehrungskommunikation-en\/","article:published_time":"2026-05-30T09:28:04+00:00","article:modified_time":"2026-05-30T09:28:04+00:00","twitter:card":"summary_large_image","twitter:title":"Kalibrierung der F\u00fchrungskommunikation - IT Recruiting and Executive Advisory | empiricus GmbH","twitter:description":"F\u00fchrungskommunikation ist f\u00fcr den Erfolg von F\u00fchrung essentiell. Wie immer ist die richtige Dosis zu favorisieren. Eine Studie weist nun aus, dass man aber als F\u00fchrungskraft besser zu viel als zu wenig kommuniziert. Nachfolgend wird dies n\u00e4her erl\u00e4utert. Wie h\u00e4ufig sprechen Sie mit Ihren Mitarbeitenden? K\u00f6nnen sie ermessen, wie viel Informationsbedarf besteht? Sind Sie sicher?"},"aioseo_meta_data":{"post_id":"8633","title":null,"description":null,"keywords":null,"keyphrases":{"focus":[],"additional":[]},"primary_term":null,"canonical_url":null,"og_title":null,"og_description":null,"og_object_type":"default","og_image_type":"default","og_image_custom_url":null,"og_image_custom_fields":null,"og_image_url":null,"og_image_width":null,"og_image_height":null,"og_video":null,"og_custom_url":null,"og_article_section":null,"og_article_tags":null,"twitter_use_og":false,"twitter_card":"default","twitter_image_type":"default","twitter_image_custom_url":null,"twitter_image_custom_fields":null,"twitter_image_url":null,"twitter_title":null,"twitter_description":null,"schema_type":"default","schema_type_options":null,"schema":{"blockGraphs":[],"customGraphs":[],"default":{"data":{"Article":[],"Course":[],"Dataset":[],"FAQPage":[],"Movie":[],"Person":[],"Product":[],"ProductReview":[],"Car":[],"Recipe":[],"Service":[],"SoftwareApplication":[],"WebPage":[]},"graphName":"","isEnabled":true},"graphs":[]},"pillar_content":false,"robots_default":true,"robots_noindex":false,"robots_noarchive":false,"robots_nosnippet":false,"robots_nofollow":false,"robots_noimageindex":false,"robots_noodp":false,"robots_notranslate":false,"robots_max_snippet":null,"robots_max_videopreview":null,"robots_max_imagepreview":"large","priority":null,"frequency":null,"local_seo":null,"limit_modified_date":false,"ai":null,"breadcrumb_settings":null,"seo_analyzer_scan_date":null,"created":"2026-07-27 08:58:27","updated":"2026-09-01 08:08:50","focus_keyword":null,"additional_keywords":null,"truseo_locale":null},"aioseo_breadcrumb":"<div class=\"aioseo-breadcrumbs\"><span class=\"aioseo-breadcrumb\">\n\t\t\t<a href=\"https:\/\/empiricus.eu\/en\/\" title=\"Home\">Home<\/a>\n\t\t<\/span><span class=\"aioseo-breadcrumb-separator\">&raquo;<\/span><span class=\"aioseo-breadcrumb\">\n\t\t\t<a href=\"https:\/\/empiricus.eu\/category\/leadership-und-fuehrung\/\" title=\"Leadership und F\u00fchrung\">Leadership und F\u00fchrung<\/a>\n\t\t<\/span><span class=\"aioseo-breadcrumb-separator\">&raquo;<\/span><span class=\"aioseo-breadcrumb\">\n\t\t\tKalibrierung der F\u00fchrungskommunikation\n\t\t<\/span><\/div>","aioseo_breadcrumb_json":[{"label":"Home","link":"https:\/\/empiricus.eu\/en\/"},{"label":"Leadership und F\u00fchrung","link":"https:\/\/empiricus.eu\/category\/leadership-und-fuehrung\/"},{"label":"Kalibrierung der F\u00fchrungskommunikation","link":"https:\/\/empiricus.eu\/en\/kalibrierung-der-fuehrungskommunikation-en\/"}],"_links":{"self":[{"href":"https:\/\/empiricus.eu\/en\/wp-json\/wp\/v2\/posts\/8633","targetHints":{"allow":["GET"]}}],"collection":[{"href":"https:\/\/empiricus.eu\/en\/wp-json\/wp\/v2\/posts"}],"about":[{"href":"https:\/\/empiricus.eu\/en\/wp-json\/wp\/v2\/types\/post"}],"author":[{"embeddable":true,"href":"https:\/\/empiricus.eu\/en\/wp-json\/wp\/v2\/users\/1"}],"replies":[{"embeddable":true,"href":"https:\/\/empiricus.eu\/en\/wp-json\/wp\/v2\/comments?post=8633"}],"version-history":[{"count":0,"href":"https:\/\/empiricus.eu\/en\/wp-json\/wp\/v2\/posts\/8633\/revisions"}],"wp:featuredmedia":[{"embeddable":true,"href":"https:\/\/empiricus.eu\/en\/wp-json\/wp\/v2\/media\/5905"}],"wp:attachment":[{"href":"https:\/\/empiricus.eu\/en\/wp-json\/wp\/v2\/media?parent=8633"}],"wp:term":[{"taxonomy":"category","embeddable":true,"href":"https:\/\/empiricus.eu\/en\/wp-json\/wp\/v2\/categories?post=8633"},{"taxonomy":"post_tag","embeddable":true,"href":"https:\/\/empiricus.eu\/en\/wp-json\/wp\/v2\/tags?post=8633"}],"curies":[{"name":"wp","href":"https:\/\/api.w.org\/{rel}","templated":true}]}}