{"id":8589,"date":"2026-04-10T01:06:21","date_gmt":"2026-04-10T01:06:21","guid":{"rendered":"https:\/\/dev.empiricus.eu\/generation-alpha-wie-sie-tickt-und-was-das-fuer-die-arbeitswelt-bedeutet-en\/"},"modified":"2026-07-22T16:27:20","modified_gmt":"2026-07-22T16:27:20","slug":"generation-alpha-wie-sie-tickt-und-was-das-fuer-die-arbeitswelt-bedeutet-en","status":"publish","type":"post","link":"https:\/\/empiricus.eu\/en\/generation-alpha-wie-sie-tickt-und-was-das-fuer-die-arbeitswelt-bedeutet-en\/","title":{"rendered":"Generation Alpha: Wie sie tickt und was das f\u00fcr die Arbeitswelt bedeutet?"},"content":{"rendered":"<p><strong><em>Die Generation Alpha steht noch nicht im Arbeitsmarkt, ist f\u00fcr Recruiting und Personalverantwortliche jedoch bereits heute relevant. Denn der Blick auf die kommenden Erwerbsgenerationen bietet langfristige Orientierung: Was bedeutet es in Zukunft, ein attraktiver Arbeitgeber zu sein, und wie muss die Kandidat\u00b7innen-Ansprache weiterentwickelt werden? Dieser Glossar-Beitrag ordnet die Generation Alpha ein, beschreibt die pr\u00e4genden Rahmenbedingungen ihres Aufwachsens und zeigt auf, welche langfristigen Perspektiven sich daraus ergeben.<\/em><\/strong><\/p>\n<p>&nbsp;<\/p>\n<h2>Definition: Was ist Generation Alpha?<\/h2>\n<p>Der Begriff Generation Alpha geht auf den Sozialforscher\u00a0<a href=\"https:\/\/mccrindle.com.au\/about\/\" target=\"_self\" rel=\"noopener\">Mark McCrindle<\/a>\u00a0zur\u00fcck. Er bezeichnet damit jene Jahrg\u00e4nge, die zwischen 2010 und 2024 geboren wurden. Entsprechend umfasst die Kohorte derzeit vorwiegend Kinder und Jugendliche, die sich noch in der fr\u00fchkindlichen Bildung oder im schulischen Umfeld befinden.<\/p>\n<p><img fetchpriority=\"high\" decoding=\"async\" class=\"alignnone wp-image-10390\" src=\"https:\/\/empiricus.eu\/wp-content\/uploads\/2026\/04\/Bildschirmfoto-2026-07-22-um-18.25.20-300x225.png\" alt=\"\" width=\"787\" height=\"590\" srcset=\"https:\/\/empiricus.eu\/wp-content\/uploads\/2026\/04\/Bildschirmfoto-2026-07-22-um-18.25.20-300x225.png 300w, https:\/\/empiricus.eu\/wp-content\/uploads\/2026\/04\/Bildschirmfoto-2026-07-22-um-18.25.20-768x577.png 768w, https:\/\/empiricus.eu\/wp-content\/uploads\/2026\/04\/Bildschirmfoto-2026-07-22-um-18.25.20.png 1280w\" sizes=\"(max-width: 787px) 100vw, 787px\" \/><\/p>\n<h2>Pr\u00e4gende Rahmenbedingungen<\/h2>\n<p>Die Welt, in der die Generation Alpha aufw\u00e4chst, unterscheidet sich von den Bedingungen fr\u00fcherer Generationen. Welche dabei besonders pr\u00e4gend sind, betrachten wir im Folgenden:<\/p>\n<ul>\n<li>Technologisierte Lebenswelt als Normalzustand<\/li>\n<li>Die Covid-19 Pandemie und ihre Folgen<\/li>\n<li>Soziale Medien und Plattformlogiken<\/li>\n<\/ul>\n<h2>Technologisierte Lebenswelt als Normalzustand<\/h2>\n<p>Die Generation Alpha w\u00e4chst in einer Welt auf, in der digitale Systeme von Beginn an Teil des Alltags sind. Smartphones, Tablets, sprachgesteuerte Assistenzsysteme, Streaming-Angebote oder KI-gest\u00fctzte Anwendungen sind keine neuen Technologien, sondern selbstverst\u00e4ndlicher Bestandteil des t\u00e4glichen Lebens. Gleichzeitig pr\u00e4gen automatisierte Prozesse im Hintergrund h\u00e4ufig unbemerkt den Alltag. Das Resultat: Produkte und Dienstleistungen, Informationen, Unterhaltung und Kommunikation sind jederzeit verf\u00fcgbar, Wartezeiten werden verk\u00fcrzt oder entfallen vollst\u00e4ndig.<\/p>\n<h2>Die Covid-19 Pandemie und ihre Folgen<\/h2>\n<p>Die Covid-19-Pandemie fiel f\u00fcr die Generation Alpha in ein besonders pr\u00e4gendes Alter, in dem Routinen und soziale Interaktion erst entstehen. Statt gemeinsam zur Schule zu gehen oder sich drau\u00dfen zum Spielen zu verabreden, wurden Lernen und soziale Begegnungen zeitweise stark in den privaten Raum verlagert und h\u00e4ufig durch digitale L\u00f6sungen ersetzt oder erg\u00e4nzt.<\/p>\n<p>Gleichheiten bestimmten Unsicherheit und st\u00e4ndig kurzfristige Anpassungen den Alltag. Auch wenn sich die langfristigen Folgen dieser Erfahrungen derzeit nicht absch\u00e4tzen lassen, ist klar, dass die Pandemie f\u00fcr die Generation Alpha einen wichtigen Erfahrungsrahmen darstellt.<\/p>\n<h2>Soziale Medien und Plattformlogiken<\/h2>\n<p>Soziale Medien\u00a0sind f\u00fcr die Generation Alpha kein neu hinzugekommener Kommunikationskanal, sondern selbstverst\u00e4ndlicher Bestandteil des sozialen Alltags. Diese Generation kennt keine Lebenswelt ohne Plattformen, Feeds oder digitale Interaktion. Soziale Beziehungen und Teilhabe finden selbstverst\u00e4ndlich in digitalen R\u00e4umen statt. Digitale Medien und klassische \u00d6ffentlichkeit sind damit nicht mehr klar voneinander getrennt.<\/p>\n<p>Die Lebensrealit\u00e4t der Generation Alpha wird somit von Beginn an durch Plattformlogiken strukturiert. Welche Inhalte sichtbar werden und wie interagiert wird, ist dabei entsprechend wesentlich durch Algorithmen gepr\u00e4gt.<\/p>\n<h2>Generation Alpha: Merkmale<\/h2>\n<p>Der spezifische Erfahrungskontext der Generation Alpha wirkt sich selbstverst\u00e4ndlich auch auf ihr Verhalten, ihre Erwartungen und ihre Art der Interaktion aus. Welche Merkmale dabei besonders charakteristisch sind, ordnen wir im Folgenden ein:<\/p>\n<ul>\n<li>Technologieverst\u00e4ndnis<\/li>\n<li>Lernumgebung<\/li>\n<li>Hochgradige Individualisierung<\/li>\n<\/ul>\n<h2>Technologieverst\u00e4ndnis<\/h2>\n<p>F\u00fcr die Generation Alpha ist Technologie ein nat\u00fcrlicher Bestandteil ihrer Lebenswelt. Digitale Anwendungen werden intuitiv genutzt, ohne dass ihr Umgang bewusst erlernt oder reflektiert werden muss. Durch die selbstverst\u00e4ndliche Interaktion mit Displays ist diese Generation stark visuell gepr\u00e4gt. Gleichzeitig ist es normal, dass Technologie r\u00e4umliche Distanzen \u00fcberwindet. Konsum ist mit wenigen Klicks erreichbar, Wartezeiten werden reduziert, und auch soziale Kontakte stehen potenziell weltweit zur Verf\u00fcgung. Sich global zu vernetzen, wird damit zur Selbstverst\u00e4ndlichkeit. Das gilt auch f\u00fcr die Interaktionen, mit KI-basierten Anwendungen.<\/p>\n<h2>Lernumgebung<\/h2>\n<p>Die Lernumgebung der Generation Alpha ist stark durch visuelle, digitale und interaktive Lernumgebungen gepr\u00e4gt, die flexibel und eigenst\u00e4ndig genutzt werden k\u00f6nnen. Gleichzeitig w\u00e4chst die Generation Alpha mit einem historisch hohen Zugang Informationen auf. Bildung beginnt damit fr\u00fcher als bei vorherigen Generationen. Dar\u00fcber hinaus verschiebt sich das Kompetenzverst\u00e4ndnis: In einer Lernumgebung mit dauerhaft verf\u00fcgbarer Information gewinnen Lernf\u00e4higkeit, Kreativit\u00e4t und digitale Kompetenzen an Bedeutung.<\/p>\n<h2>Hochgradige Individualisierung<\/h2>\n<p>Die Welt der Generation Alpha ist in hohem Ma\u00df auf individuelle Bed\u00fcrfnisse zugeschnitten. Inhalte, Lernangebote und digitale Anwendungen werden personalisiert bereitgestellt und passen sich fortlaufend an das Nutzungsverhalten an. Dass Angebote passgenau verf\u00fcgbar sind und sich an pers\u00f6nliche Pr\u00e4ferenzen anpassen, ist f\u00fcr die Generation Alpha also selbstverst\u00e4ndlich.<\/p>\n<h2>Bedeutung f\u00fcr Recruiting &amp; HR<\/h2>\n<p>Dass sich mit der Generation Alpha eine Kohorte mit eigenst\u00e4ndigen Merkmalen entwickelt, ist deutlich geworden. Welche Bedeutung diese Generation bereits heute f\u00fcr Recruiting und HR hat, obwohl sie erst in den kommenden Jahren in den Arbeitsmarkt eintritt, betrachten wir im Folgenden:<\/p>\n<ul>\n<li>Die langfristige Perspektive<\/li>\n<li>Wandel von Employer Branding und Ansprache<\/li>\n<li>Wohlbefinden als Voraussetzung<\/li>\n<\/ul>\n<h2>Die langfristige Perspektive<\/h2>\n<p>F\u00fcr HR ist die Generation Alpha vor allem aus einer langfristigen Perspektive relevant. Auch wenn ihr Eintritt in den Arbeitsmarkt noch bevorsteht, zeigt der Blick auf die Talente von morgen, wie sich Arbeitsumgebungen weiterentwickeln m\u00fcssen. Wie kann den Erwartungen an Individualisierung und Digitalisierung entsprochen werden? Und welche Strukturen sollten Organisationen heute schaffen, um junge Mitarbeitende k\u00fcnftig bestm\u00f6glich zu bef\u00e4higen? Ein Verst\u00e4ndnis f\u00fcr die Generation Alpha dient damit als Orientierungshilfe, um langfristig tragf\u00e4hige Strukturen in der Personalarbeit zu entwickeln.<\/p>\n<h2>Wandel von Employer Branding und Ansprache<\/h2>\n<p>Mit Blick auf Employer Branding und Ansprache unterscheidet sich die Generation Alpha nicht grundlegend von der\u00a0<a href=\"https:\/\/recruiting.xing.com\/de\/glossar\/generation-z\/\" target=\"_blank\" rel=\"noopener\">Generation Z<\/a>. Vielmehr werden bestehende Entwicklungen konsequent weitergef\u00fchrt. Zentral sind dabei die individuelle und digitale Ansprache. Personalisierte Kommunikation ist kein Differenzierungsmerkmal mehr, sondern erwarteter Standard: Anzeigen und Ansprache m\u00fcssen sich am jeweiligen pers\u00f6nlichen Kontext orientieren.<\/p>\n<p>Gleichzeitig r\u00fccken Werte und konkrete Benefits weiter in den Fokus. Flexibilit\u00e4t, digitale Bef\u00e4higung, Wertsch\u00e4tzung und Sinnhaftigkeit bleiben zentrale Faktoren der Arbeitgeberattraktivit\u00e4t. Hinzu kommt der Wunsch nach eigenen Gestaltungsm\u00f6glichkeiten und erlebbarer Autonomie. Diese Aspekte gilt es klar und authentisch zu vermitteln.<\/p>\n<h2>Wohlbefinden als Voraussetzung<\/h2>\n<p>Auch hier setzt sich ein Aspekt fort, der bereits bei der Generation Z zu beobachten ist: Psychische wie k\u00f6rperliche Gesundheit wird auch f\u00fcr die Generation Alpha von hoher Bedeutung sein. Schlie\u00dflich werden die Arbeitskr\u00e4fte von morgen deutlich l\u00e4nger leben und damit auch l\u00e4nger arbeiten als vorherige Generationen. Gleichzeitig erm\u00f6glicht die digitale Infrastruktur Produktivit\u00e4t unabh\u00e4ngig von Ort und Zeit und erh\u00f6ht somit die Wahrscheinlichkeit von Dauerverf\u00fcgbarkeit.<\/p>\n<p>Dar\u00fcber hinaus pr\u00e4gt das gestiegene Bewusstsein f\u00fcr mentale Gesundheit, Balance und nachhaltige Leistungsf\u00e4higkeit das Verst\u00e4ndnis von Arbeit. F\u00fcr Personalabteilungen gilt es daher, Strukturen mitzudenken, die diesem Anspruch entsprechen und einer zunehmend vernetzten sowie langfristigen Erwerbsbiografie gerecht werden.<\/p>\n<h2>Fazit<\/h2>\n<p>Die Generation Alpha steht noch am Anfang ihres Weges in den Arbeitsmarkt, bietet f\u00fcr Recruiting und HR aber bereits heute wichtige Orientierung. Gepr\u00e4gt durch Covid-19, Technologie und digitale Interaktion ist der Blick auf die Arbeitskr\u00e4fte von Morgen f\u00fcr Personalabteilungen ein Fingerzeig, was Arbeitgeber in der Zukunft leisten m\u00fcssen. Wer sich fr\u00fchzeitig mit der Generation Alpha besch\u00e4ftigt, kann somit bestehende Annahmen \u00fcber Arbeitsbedingungen, Employer Brand oder\u00a0Recruiting-Strategien\u00a0hinterfragen und die richtigen Weichenstellungen vornehmen. Auf welche Aspekte sie dabei achten sollten, hat dieser Beitrag gezeigt.<\/p>\n<h2><strong><em>\u00dcber den Autor<\/em><\/strong><\/h2>\n<p><em><a href=\"https:\/\/www.linkedin.com\/in\/martin-leandro-fl\u00f6el-92b2b0175\/\" target=\"_blank\" rel=\"noopener\">Martin Leandro Fl\u00f6el<\/a> ist seit 2023 Teil der New Work SE. Den Hamburger bewegen das Verh\u00e4ltnis zwischen neuen Technologien und den dabei entstehenden Fragen f\u00fcr Gesellschaft, Wirtschaft und Politik. Mit diesem Blick schaut er interessiert auf die Welt des Recruitings.<\/em><\/p>\n<p>Quelle: <a href=\"https:\/\/recruiting.xing.com\/de\/glossar\/generation-alpha\/?xing_share=news\" target=\"_blank\" rel=\"noopener\">Xing-Recruiting-Blog<\/a><\/p>\n","protected":false},"excerpt":{"rendered":"<p>Die Generation Alpha steht noch nicht im Arbeitsmarkt, ist f\u00fcr Recruiting und Personalverantwortliche jedoch bereits heute relevant. Denn der Blick [&hellip;]<\/p>\n","protected":false},"author":1,"featured_media":10388,"comment_status":"open","ping_status":"open","sticky":false,"template":"","format":"standard","meta":{"_monsterinsights_skip_tracking":false,"_uf_show_specific_survey":0,"_uf_disable_surveys":false,"site-sidebar-layout":"default","site-content-layout":"","ast-site-content-layout":"default","site-content-style":"default","site-sidebar-style":"default","ast-global-header-display":"","ast-banner-title-visibility":"","ast-main-header-display":"","ast-hfb-above-header-display":"","ast-hfb-below-header-display":"","ast-hfb-mobile-header-display":"","site-post-title":"","ast-breadcrumbs-content":"","ast-featured-img":"","footer-sml-layout":"","ast-disable-related-posts":"","theme-transparent-header-meta":"default","adv-header-id-meta":"","stick-header-meta":"","header-above-stick-meta":"","header-main-stick-meta":"","header-below-stick-meta":"","astra-migrate-meta-layouts":"set","ast-page-background-enabled":"default","ast-page-background-meta":{"desktop":{"background-color":"var(--ast-global-color-5)","background-image":"","background-repeat":"repeat","background-position":"center center","background-size":"auto","background-attachment":"scroll","background-type":"","background-media":"","overlay-type":"","overlay-color":"","overlay-opacity":"","overlay-gradient":""},"tablet":{"background-color":"","background-image":"","background-repeat":"repeat","background-position":"center center","background-size":"auto","background-attachment":"scroll","background-type":"","background-media":"","overlay-type":"","overlay-color":"","overlay-opacity":"","overlay-gradient":""},"mobile":{"background-color":"","background-image":"","background-repeat":"repeat","background-position":"center center","background-size":"auto","background-attachment":"scroll","background-type":"","background-media":"","overlay-type":"","overlay-color":"","overlay-opacity":"","overlay-gradient":""}},"ast-content-background-meta":{"desktop":{"background-color":"var(--ast-global-color-4)","background-image":"","background-repeat":"repeat","background-position":"center center","background-size":"auto","background-attachment":"scroll","background-type":"","background-media":"","overlay-type":"","overlay-color":"","overlay-opacity":"","overlay-gradient":""},"tablet":{"background-color":"var(--ast-global-color-4)","background-image":"","background-repeat":"repeat","background-position":"center center","background-size":"auto","background-attachment":"scroll","background-type":"","background-media":"","overlay-type":"","overlay-color":"","overlay-opacity":"","overlay-gradient":""},"mobile":{"background-color":"var(--ast-global-color-4)","background-image":"","background-repeat":"repeat","background-position":"center center","background-size":"auto","background-attachment":"scroll","background-type":"","background-media":"","overlay-type":"","overlay-color":"","overlay-opacity":"","overlay-gradient":""}},"footnotes":""},"categories":[537],"tags":[266],"class_list":["post-8589","post","type-post","status-publish","format-standard","has-post-thumbnail","hentry","category-new-ways-of-working-and-future-skills","tag-employer-branding-generation-alpha-personalstrategie-zukunft-der-arbeit-zukunftstrends"],"aioseo_notices":[],"aioseo_head":"\n\t\t<!-- All in One SEO 5.0.0.1 - aioseo.com -->\n\t<meta name=\"description\" content=\"Die Generation Alpha steht noch nicht im Arbeitsmarkt, ist f\u00fcr Recruiting und Personalverantwortliche jedoch bereits heute relevant. Denn der Blick auf die kommenden Erwerbsgenerationen bietet langfristige Orientierung: Was bedeutet es in Zukunft, ein attraktiver Arbeitgeber zu sein, und wie muss die Kandidat\u00b7innen-Ansprache weiterentwickelt werden? Dieser Glossar-Beitrag ordnet die Generation Alpha ein, beschreibt die pr\u00e4genden Rahmenbedingungen\" \/>\n\t<meta name=\"robots\" content=\"max-image-preview:large\" \/>\n\t<meta name=\"author\" content=\"adminempiricus\"\/>\n\t<link rel=\"canonical\" href=\"https:\/\/empiricus.eu\/en\/generation-alpha-wie-sie-tickt-und-was-das-fuer-die-arbeitswelt-bedeutet-en\/\" \/>\n\t<meta name=\"generator\" content=\"All in One SEO (AIOSEO) 5.0.0.1\" \/>\n\t\t<meta property=\"og:locale\" content=\"en_US\" \/>\n\t\t<meta property=\"og:site_name\" content=\"IT Recruiting and Executive Advisory | empiricus GmbH -\" \/>\n\t\t<meta property=\"og:type\" content=\"article\" \/>\n\t\t<meta property=\"og:title\" content=\"Generation Alpha: Wie sie tickt und was das f\u00fcr die Arbeitswelt bedeutet? - IT Recruiting and Executive Advisory | empiricus GmbH\" \/>\n\t\t<meta property=\"og:description\" content=\"Die Generation Alpha steht noch nicht im Arbeitsmarkt, ist f\u00fcr Recruiting und Personalverantwortliche jedoch bereits heute relevant. Denn der Blick auf die kommenden Erwerbsgenerationen bietet langfristige Orientierung: Was bedeutet es in Zukunft, ein attraktiver Arbeitgeber zu sein, und wie muss die Kandidat\u00b7innen-Ansprache weiterentwickelt werden? Dieser Glossar-Beitrag ordnet die Generation Alpha ein, beschreibt die pr\u00e4genden Rahmenbedingungen\" \/>\n\t\t<meta property=\"og:url\" content=\"https:\/\/empiricus.eu\/en\/generation-alpha-wie-sie-tickt-und-was-das-fuer-die-arbeitswelt-bedeutet-en\/\" \/>\n\t\t<meta property=\"article:published_time\" content=\"2026-04-10T01:06:21+00:00\" \/>\n\t\t<meta property=\"article:modified_time\" content=\"2026-07-22T16:27:20+00:00\" \/>\n\t\t<meta name=\"twitter:card\" content=\"summary_large_image\" \/>\n\t\t<meta name=\"twitter:title\" content=\"Generation Alpha: Wie sie tickt und was das f\u00fcr die Arbeitswelt bedeutet? - IT Recruiting and Executive Advisory | empiricus GmbH\" \/>\n\t\t<meta name=\"twitter:description\" content=\"Die Generation Alpha steht noch nicht im Arbeitsmarkt, ist f\u00fcr Recruiting und Personalverantwortliche jedoch bereits heute relevant. Denn der Blick auf die kommenden Erwerbsgenerationen bietet langfristige Orientierung: Was bedeutet es in Zukunft, ein attraktiver Arbeitgeber zu sein, und wie muss die Kandidat\u00b7innen-Ansprache weiterentwickelt werden? Dieser Glossar-Beitrag ordnet die Generation Alpha ein, beschreibt die pr\u00e4genden Rahmenbedingungen\" \/>\n\t\t<script type=\"application\/ld+json\" class=\"aioseo-schema\">\n\t\t\t{\"@context\":\"https:\\\/\\\/schema.org\",\"@graph\":[{\"@type\":\"BlogPosting\",\"@id\":\"https:\\\/\\\/empiricus.eu\\\/en\\\/generation-alpha-wie-sie-tickt-und-was-das-fuer-die-arbeitswelt-bedeutet-en\\\/#blogposting\",\"name\":\"Generation Alpha: Wie sie tickt und was das f\\u00fcr die Arbeitswelt bedeutet? - IT Recruiting and Executive Advisory | empiricus GmbH\",\"headline\":\"Generation Alpha: Wie sie tickt und was das f\\u00fcr die Arbeitswelt bedeutet?\",\"author\":{\"@id\":\"https:\\\/\\\/empiricus.eu\\\/en\\\/author\\\/adminempiricus\\\/#author\"},\"publisher\":{\"@id\":\"https:\\\/\\\/empiricus.eu\\\/en\\\/#organization\"},\"image\":{\"@type\":\"ImageObject\",\"url\":\"https:\\\/\\\/empiricus.eu\\\/wp-content\\\/uploads\\\/2026\\\/05\\\/blog_27.jpg\",\"width\":300,\"height\":293},\"datePublished\":\"2026-04-10T01:06:21+02:00\",\"dateModified\":\"2026-07-22T16:27:20+02:00\",\"inLanguage\":\"en-US\",\"mainEntityOfPage\":{\"@id\":\"https:\\\/\\\/empiricus.eu\\\/en\\\/generation-alpha-wie-sie-tickt-und-was-das-fuer-die-arbeitswelt-bedeutet-en\\\/#webpage\"},\"isPartOf\":{\"@id\":\"https:\\\/\\\/empiricus.eu\\\/en\\\/generation-alpha-wie-sie-tickt-und-was-das-fuer-die-arbeitswelt-bedeutet-en\\\/#webpage\"},\"articleSection\":\"New Ways of Working and Future Skills, Employer Branding Generation Alpha Personalstrategie Zukunft der Arbeit Zukunftstrends, Optional, Optional\"},{\"@type\":\"BreadcrumbList\",\"@id\":\"https:\\\/\\\/empiricus.eu\\\/en\\\/generation-alpha-wie-sie-tickt-und-was-das-fuer-die-arbeitswelt-bedeutet-en\\\/#breadcrumblist\",\"itemListElement\":[{\"@type\":\"ListItem\",\"@id\":\"https:\\\/\\\/empiricus.eu\\\/en\\\/#listItem\",\"position\":1,\"name\":\"Home\",\"item\":\"https:\\\/\\\/empiricus.eu\\\/en\\\/\",\"nextItem\":{\"@type\":\"ListItem\",\"@id\":\"https:\\\/\\\/empiricus.eu\\\/en\\\/category\\\/new-ways-of-working-and-future-skills\\\/#listItem\",\"name\":\"New Ways of Working and Future Skills\"}},{\"@type\":\"ListItem\",\"@id\":\"https:\\\/\\\/empiricus.eu\\\/en\\\/category\\\/new-ways-of-working-and-future-skills\\\/#listItem\",\"position\":2,\"name\":\"New Ways of Working and Future Skills\",\"item\":\"https:\\\/\\\/empiricus.eu\\\/en\\\/category\\\/new-ways-of-working-and-future-skills\\\/\",\"nextItem\":{\"@type\":\"ListItem\",\"@id\":\"https:\\\/\\\/empiricus.eu\\\/en\\\/generation-alpha-wie-sie-tickt-und-was-das-fuer-die-arbeitswelt-bedeutet-en\\\/#listItem\",\"name\":\"Generation Alpha: Wie sie tickt und was das f\\u00fcr die Arbeitswelt bedeutet?\"},\"previousItem\":{\"@type\":\"ListItem\",\"@id\":\"https:\\\/\\\/empiricus.eu\\\/en\\\/#listItem\",\"name\":\"Home\"}},{\"@type\":\"ListItem\",\"@id\":\"https:\\\/\\\/empiricus.eu\\\/en\\\/generation-alpha-wie-sie-tickt-und-was-das-fuer-die-arbeitswelt-bedeutet-en\\\/#listItem\",\"position\":3,\"name\":\"Generation Alpha: Wie sie tickt und was das f\\u00fcr die Arbeitswelt bedeutet?\",\"previousItem\":{\"@type\":\"ListItem\",\"@id\":\"https:\\\/\\\/empiricus.eu\\\/en\\\/category\\\/new-ways-of-working-and-future-skills\\\/#listItem\",\"name\":\"New Ways of Working and Future Skills\"}}]},{\"@type\":\"Organization\",\"@id\":\"https:\\\/\\\/empiricus.eu\\\/en\\\/#organization\",\"name\":\"IT Recruiting and Executive Advisory | empiricus GmbH\",\"url\":\"https:\\\/\\\/empiricus.eu\\\/en\\\/\"},{\"@type\":\"Person\",\"@id\":\"https:\\\/\\\/empiricus.eu\\\/en\\\/author\\\/adminempiricus\\\/#author\",\"url\":\"https:\\\/\\\/empiricus.eu\\\/en\\\/author\\\/adminempiricus\\\/\",\"name\":\"adminempiricus\",\"image\":{\"@type\":\"ImageObject\",\"@id\":\"https:\\\/\\\/empiricus.eu\\\/en\\\/generation-alpha-wie-sie-tickt-und-was-das-fuer-die-arbeitswelt-bedeutet-en\\\/#authorImage\",\"url\":\"https:\\\/\\\/secure.gravatar.com\\\/avatar\\\/219519c2adb9ca1437af93154ebfe0dc3a95fbe50c53f2a59ad5a5bfc5db0def?s=96&d=mm&r=g\",\"width\":96,\"height\":96,\"caption\":\"adminempiricus\"}},{\"@type\":\"WebPage\",\"@id\":\"https:\\\/\\\/empiricus.eu\\\/en\\\/generation-alpha-wie-sie-tickt-und-was-das-fuer-die-arbeitswelt-bedeutet-en\\\/#webpage\",\"url\":\"https:\\\/\\\/empiricus.eu\\\/en\\\/generation-alpha-wie-sie-tickt-und-was-das-fuer-die-arbeitswelt-bedeutet-en\\\/\",\"name\":\"Generation Alpha: Wie sie tickt und was das f\\u00fcr die Arbeitswelt bedeutet? - IT Recruiting and Executive Advisory | empiricus GmbH\",\"description\":\"Die Generation Alpha steht noch nicht im Arbeitsmarkt, ist f\\u00fcr Recruiting und Personalverantwortliche jedoch bereits heute relevant. Denn der Blick auf die kommenden Erwerbsgenerationen bietet langfristige Orientierung: Was bedeutet es in Zukunft, ein attraktiver Arbeitgeber zu sein, und wie muss die Kandidat\\u00b7innen-Ansprache weiterentwickelt werden? Dieser Glossar-Beitrag ordnet die Generation Alpha ein, beschreibt die pr\\u00e4genden Rahmenbedingungen\",\"inLanguage\":\"en-US\",\"isPartOf\":{\"@id\":\"https:\\\/\\\/empiricus.eu\\\/en\\\/#website\"},\"breadcrumb\":{\"@id\":\"https:\\\/\\\/empiricus.eu\\\/en\\\/generation-alpha-wie-sie-tickt-und-was-das-fuer-die-arbeitswelt-bedeutet-en\\\/#breadcrumblist\"},\"author\":{\"@id\":\"https:\\\/\\\/empiricus.eu\\\/en\\\/author\\\/adminempiricus\\\/#author\"},\"creator\":{\"@id\":\"https:\\\/\\\/empiricus.eu\\\/en\\\/author\\\/adminempiricus\\\/#author\"},\"image\":{\"@type\":\"ImageObject\",\"url\":\"https:\\\/\\\/empiricus.eu\\\/wp-content\\\/uploads\\\/2026\\\/05\\\/blog_27.jpg\",\"@id\":\"https:\\\/\\\/empiricus.eu\\\/en\\\/generation-alpha-wie-sie-tickt-und-was-das-fuer-die-arbeitswelt-bedeutet-en\\\/#mainImage\",\"width\":300,\"height\":293},\"primaryImageOfPage\":{\"@id\":\"https:\\\/\\\/empiricus.eu\\\/en\\\/generation-alpha-wie-sie-tickt-und-was-das-fuer-die-arbeitswelt-bedeutet-en\\\/#mainImage\"},\"datePublished\":\"2026-04-10T01:06:21+02:00\",\"dateModified\":\"2026-07-22T16:27:20+02:00\"},{\"@type\":\"WebSite\",\"@id\":\"https:\\\/\\\/empiricus.eu\\\/en\\\/#website\",\"url\":\"https:\\\/\\\/empiricus.eu\\\/en\\\/\",\"name\":\"IT Recruiting and Executive Advisory | empiricus GmbH\",\"inLanguage\":\"en-US\",\"publisher\":{\"@id\":\"https:\\\/\\\/empiricus.eu\\\/en\\\/#organization\"}}]}\n\t\t<\/script>\n\t\t<!-- All in One SEO -->\n\n","aioseo_head_json":{"title":"Generation Alpha: Wie sie tickt und was das f\u00fcr die Arbeitswelt bedeutet? - IT Recruiting and Executive Advisory | empiricus GmbH","description":"Die Generation Alpha steht noch nicht im Arbeitsmarkt, ist f\u00fcr Recruiting und Personalverantwortliche jedoch bereits heute relevant. Denn der Blick auf die kommenden Erwerbsgenerationen bietet langfristige Orientierung: Was bedeutet es in Zukunft, ein attraktiver Arbeitgeber zu sein, und wie muss die Kandidat\u00b7innen-Ansprache weiterentwickelt werden? Dieser Glossar-Beitrag ordnet die Generation Alpha ein, beschreibt die pr\u00e4genden Rahmenbedingungen","canonical_url":"https:\/\/empiricus.eu\/en\/generation-alpha-wie-sie-tickt-und-was-das-fuer-die-arbeitswelt-bedeutet-en\/","robots":"max-image-preview:large","keywords":"","webmasterTools":{"miscellaneous":""},"schema":{"@context":"https:\/\/schema.org","@graph":[{"@type":"BlogPosting","@id":"https:\/\/empiricus.eu\/en\/generation-alpha-wie-sie-tickt-und-was-das-fuer-die-arbeitswelt-bedeutet-en\/#blogposting","name":"Generation Alpha: Wie sie tickt und was das f\u00fcr die Arbeitswelt bedeutet? - IT Recruiting and Executive Advisory | empiricus GmbH","headline":"Generation Alpha: Wie sie tickt und was das f\u00fcr die Arbeitswelt bedeutet?","author":{"@id":"https:\/\/empiricus.eu\/en\/author\/adminempiricus\/#author"},"publisher":{"@id":"https:\/\/empiricus.eu\/en\/#organization"},"image":{"@type":"ImageObject","url":"https:\/\/empiricus.eu\/wp-content\/uploads\/2026\/05\/blog_27.jpg","width":300,"height":293},"datePublished":"2026-04-10T01:06:21+02:00","dateModified":"2026-07-22T16:27:20+02:00","inLanguage":"en-US","mainEntityOfPage":{"@id":"https:\/\/empiricus.eu\/en\/generation-alpha-wie-sie-tickt-und-was-das-fuer-die-arbeitswelt-bedeutet-en\/#webpage"},"isPartOf":{"@id":"https:\/\/empiricus.eu\/en\/generation-alpha-wie-sie-tickt-und-was-das-fuer-die-arbeitswelt-bedeutet-en\/#webpage"},"articleSection":"New Ways of Working and Future Skills, Employer Branding Generation Alpha Personalstrategie Zukunft der Arbeit Zukunftstrends, Optional, Optional"},{"@type":"BreadcrumbList","@id":"https:\/\/empiricus.eu\/en\/generation-alpha-wie-sie-tickt-und-was-das-fuer-die-arbeitswelt-bedeutet-en\/#breadcrumblist","itemListElement":[{"@type":"ListItem","@id":"https:\/\/empiricus.eu\/en\/#listItem","position":1,"name":"Home","item":"https:\/\/empiricus.eu\/en\/","nextItem":{"@type":"ListItem","@id":"https:\/\/empiricus.eu\/en\/category\/new-ways-of-working-and-future-skills\/#listItem","name":"New Ways of Working and Future Skills"}},{"@type":"ListItem","@id":"https:\/\/empiricus.eu\/en\/category\/new-ways-of-working-and-future-skills\/#listItem","position":2,"name":"New Ways of Working and Future Skills","item":"https:\/\/empiricus.eu\/en\/category\/new-ways-of-working-and-future-skills\/","nextItem":{"@type":"ListItem","@id":"https:\/\/empiricus.eu\/en\/generation-alpha-wie-sie-tickt-und-was-das-fuer-die-arbeitswelt-bedeutet-en\/#listItem","name":"Generation Alpha: Wie sie tickt und was das f\u00fcr die Arbeitswelt bedeutet?"},"previousItem":{"@type":"ListItem","@id":"https:\/\/empiricus.eu\/en\/#listItem","name":"Home"}},{"@type":"ListItem","@id":"https:\/\/empiricus.eu\/en\/generation-alpha-wie-sie-tickt-und-was-das-fuer-die-arbeitswelt-bedeutet-en\/#listItem","position":3,"name":"Generation Alpha: Wie sie tickt und was das f\u00fcr die Arbeitswelt bedeutet?","previousItem":{"@type":"ListItem","@id":"https:\/\/empiricus.eu\/en\/category\/new-ways-of-working-and-future-skills\/#listItem","name":"New Ways of Working and Future Skills"}}]},{"@type":"Organization","@id":"https:\/\/empiricus.eu\/en\/#organization","name":"IT Recruiting and Executive Advisory | empiricus GmbH","url":"https:\/\/empiricus.eu\/en\/"},{"@type":"Person","@id":"https:\/\/empiricus.eu\/en\/author\/adminempiricus\/#author","url":"https:\/\/empiricus.eu\/en\/author\/adminempiricus\/","name":"adminempiricus","image":{"@type":"ImageObject","@id":"https:\/\/empiricus.eu\/en\/generation-alpha-wie-sie-tickt-und-was-das-fuer-die-arbeitswelt-bedeutet-en\/#authorImage","url":"https:\/\/secure.gravatar.com\/avatar\/219519c2adb9ca1437af93154ebfe0dc3a95fbe50c53f2a59ad5a5bfc5db0def?s=96&d=mm&r=g","width":96,"height":96,"caption":"adminempiricus"}},{"@type":"WebPage","@id":"https:\/\/empiricus.eu\/en\/generation-alpha-wie-sie-tickt-und-was-das-fuer-die-arbeitswelt-bedeutet-en\/#webpage","url":"https:\/\/empiricus.eu\/en\/generation-alpha-wie-sie-tickt-und-was-das-fuer-die-arbeitswelt-bedeutet-en\/","name":"Generation Alpha: Wie sie tickt und was das f\u00fcr die Arbeitswelt bedeutet? - IT Recruiting and Executive Advisory | empiricus GmbH","description":"Die Generation Alpha steht noch nicht im Arbeitsmarkt, ist f\u00fcr Recruiting und Personalverantwortliche jedoch bereits heute relevant. Denn der Blick auf die kommenden Erwerbsgenerationen bietet langfristige Orientierung: Was bedeutet es in Zukunft, ein attraktiver Arbeitgeber zu sein, und wie muss die Kandidat\u00b7innen-Ansprache weiterentwickelt werden? Dieser Glossar-Beitrag ordnet die Generation Alpha ein, beschreibt die pr\u00e4genden Rahmenbedingungen","inLanguage":"en-US","isPartOf":{"@id":"https:\/\/empiricus.eu\/en\/#website"},"breadcrumb":{"@id":"https:\/\/empiricus.eu\/en\/generation-alpha-wie-sie-tickt-und-was-das-fuer-die-arbeitswelt-bedeutet-en\/#breadcrumblist"},"author":{"@id":"https:\/\/empiricus.eu\/en\/author\/adminempiricus\/#author"},"creator":{"@id":"https:\/\/empiricus.eu\/en\/author\/adminempiricus\/#author"},"image":{"@type":"ImageObject","url":"https:\/\/empiricus.eu\/wp-content\/uploads\/2026\/05\/blog_27.jpg","@id":"https:\/\/empiricus.eu\/en\/generation-alpha-wie-sie-tickt-und-was-das-fuer-die-arbeitswelt-bedeutet-en\/#mainImage","width":300,"height":293},"primaryImageOfPage":{"@id":"https:\/\/empiricus.eu\/en\/generation-alpha-wie-sie-tickt-und-was-das-fuer-die-arbeitswelt-bedeutet-en\/#mainImage"},"datePublished":"2026-04-10T01:06:21+02:00","dateModified":"2026-07-22T16:27:20+02:00"},{"@type":"WebSite","@id":"https:\/\/empiricus.eu\/en\/#website","url":"https:\/\/empiricus.eu\/en\/","name":"IT Recruiting and Executive Advisory | empiricus GmbH","inLanguage":"en-US","publisher":{"@id":"https:\/\/empiricus.eu\/en\/#organization"}}]},"og:locale":"en_US","og:site_name":"IT Recruiting and Executive Advisory | empiricus GmbH -","og:type":"article","og:title":"Generation Alpha: Wie sie tickt und was das f\u00fcr die Arbeitswelt bedeutet? - IT Recruiting and Executive Advisory | empiricus GmbH","og:description":"Die Generation Alpha steht noch nicht im Arbeitsmarkt, ist f\u00fcr Recruiting und Personalverantwortliche jedoch bereits heute relevant. Denn der Blick auf die kommenden Erwerbsgenerationen bietet langfristige Orientierung: Was bedeutet es in Zukunft, ein attraktiver Arbeitgeber zu sein, und wie muss die Kandidat\u00b7innen-Ansprache weiterentwickelt werden? Dieser Glossar-Beitrag ordnet die Generation Alpha ein, beschreibt die pr\u00e4genden Rahmenbedingungen","og:url":"https:\/\/empiricus.eu\/en\/generation-alpha-wie-sie-tickt-und-was-das-fuer-die-arbeitswelt-bedeutet-en\/","article:published_time":"2026-04-10T01:06:21+00:00","article:modified_time":"2026-07-22T16:27:20+00:00","twitter:card":"summary_large_image","twitter:title":"Generation Alpha: Wie sie tickt und was das f\u00fcr die Arbeitswelt bedeutet? - IT Recruiting and Executive Advisory | empiricus GmbH","twitter:description":"Die Generation Alpha steht noch nicht im Arbeitsmarkt, ist f\u00fcr Recruiting und Personalverantwortliche jedoch bereits heute relevant. Denn der Blick auf die kommenden Erwerbsgenerationen bietet langfristige Orientierung: Was bedeutet es in Zukunft, ein attraktiver Arbeitgeber zu sein, und wie muss die Kandidat\u00b7innen-Ansprache weiterentwickelt werden? Dieser Glossar-Beitrag ordnet die Generation Alpha ein, beschreibt die pr\u00e4genden Rahmenbedingungen"},"aioseo_meta_data":{"post_id":"8589","title":null,"description":null,"keywords":null,"keyphrases":{"focus":[],"additional":[]},"primary_term":null,"canonical_url":null,"og_title":null,"og_description":null,"og_object_type":"default","og_image_type":"default","og_image_custom_url":null,"og_image_custom_fields":null,"og_image_url":null,"og_image_width":null,"og_image_height":null,"og_video":null,"og_custom_url":null,"og_article_section":null,"og_article_tags":null,"twitter_use_og":false,"twitter_card":"default","twitter_image_type":"default","twitter_image_custom_url":null,"twitter_image_custom_fields":null,"twitter_image_url":null,"twitter_title":null,"twitter_description":null,"schema_type":"default","schema_type_options":null,"schema":{"blockGraphs":[],"customGraphs":[],"default":{"data":{"Article":[],"Course":[],"Dataset":[],"FAQPage":[],"Movie":[],"Person":[],"Product":[],"ProductReview":[],"Car":[],"Recipe":[],"Service":[],"SoftwareApplication":[],"WebPage":[]},"graphName":"","isEnabled":true},"graphs":[]},"pillar_content":false,"robots_default":true,"robots_noindex":false,"robots_noarchive":false,"robots_nosnippet":false,"robots_nofollow":false,"robots_noimageindex":false,"robots_noodp":false,"robots_notranslate":false,"robots_max_snippet":null,"robots_max_videopreview":null,"robots_max_imagepreview":"large","priority":null,"frequency":null,"local_seo":null,"limit_modified_date":false,"ai":null,"breadcrumb_settings":null,"seo_analyzer_scan_date":null,"created":"2026-07-27 08:53:34","updated":"2026-09-01 08:26:57","focus_keyword":null,"additional_keywords":null,"truseo_locale":null},"aioseo_breadcrumb":"<div class=\"aioseo-breadcrumbs\"><span class=\"aioseo-breadcrumb\">\n\t\t\t<a href=\"https:\/\/empiricus.eu\/en\/\" title=\"Home\">Home<\/a>\n\t\t<\/span><span class=\"aioseo-breadcrumb-separator\">&raquo;<\/span><span class=\"aioseo-breadcrumb\">\n\t\t\t<a href=\"https:\/\/empiricus.eu\/en\/category\/new-ways-of-working-and-future-skills\/\" title=\"New Ways of Working and Future Skills\">New Ways of Working and Future Skills<\/a>\n\t\t<\/span><span class=\"aioseo-breadcrumb-separator\">&raquo;<\/span><span class=\"aioseo-breadcrumb\">\n\t\t\tGeneration Alpha: Wie sie tickt und was das f\u00fcr die Arbeitswelt bedeutet?\n\t\t<\/span><\/div>","aioseo_breadcrumb_json":[{"label":"Home","link":"https:\/\/empiricus.eu\/en\/"},{"label":"New Ways of Working and Future Skills","link":"https:\/\/empiricus.eu\/en\/category\/new-ways-of-working-and-future-skills\/"},{"label":"Generation Alpha: Wie sie tickt und was das f\u00fcr die Arbeitswelt bedeutet?","link":"https:\/\/empiricus.eu\/en\/generation-alpha-wie-sie-tickt-und-was-das-fuer-die-arbeitswelt-bedeutet-en\/"}],"_links":{"self":[{"href":"https:\/\/empiricus.eu\/en\/wp-json\/wp\/v2\/posts\/8589","targetHints":{"allow":["GET"]}}],"collection":[{"href":"https:\/\/empiricus.eu\/en\/wp-json\/wp\/v2\/posts"}],"about":[{"href":"https:\/\/empiricus.eu\/en\/wp-json\/wp\/v2\/types\/post"}],"author":[{"embeddable":true,"href":"https:\/\/empiricus.eu\/en\/wp-json\/wp\/v2\/users\/1"}],"replies":[{"embeddable":true,"href":"https:\/\/empiricus.eu\/en\/wp-json\/wp\/v2\/comments?post=8589"}],"version-history":[{"count":2,"href":"https:\/\/empiricus.eu\/en\/wp-json\/wp\/v2\/posts\/8589\/revisions"}],"predecessor-version":[{"id":10392,"href":"https:\/\/empiricus.eu\/en\/wp-json\/wp\/v2\/posts\/8589\/revisions\/10392"}],"wp:featuredmedia":[{"embeddable":true,"href":"https:\/\/empiricus.eu\/en\/wp-json\/wp\/v2\/media\/10388"}],"wp:attachment":[{"href":"https:\/\/empiricus.eu\/en\/wp-json\/wp\/v2\/media?parent=8589"}],"wp:term":[{"taxonomy":"category","embeddable":true,"href":"https:\/\/empiricus.eu\/en\/wp-json\/wp\/v2\/categories?post=8589"},{"taxonomy":"post_tag","embeddable":true,"href":"https:\/\/empiricus.eu\/en\/wp-json\/wp\/v2\/tags?post=8589"}],"curies":[{"name":"wp","href":"https:\/\/api.w.org\/{rel}","templated":true}]}}