{"id":8478,"date":"2026-05-30T09:27:53","date_gmt":"2026-05-30T09:27:53","guid":{"rendered":"https:\/\/dev.empiricus.eu\/der-imperativ-zur-agilen-organisation-en\/"},"modified":"2026-05-30T09:27:53","modified_gmt":"2026-05-30T09:27:53","slug":"der-imperativ-zur-agilen-organisation-en","status":"publish","type":"post","link":"https:\/\/empiricus.eu\/en\/der-imperativ-zur-agilen-organisation-en\/","title":{"rendered":"Der Imperativ zur agilen Organisation"},"content":{"rendered":"<p><strong><em>Agilit\u00e4t ist in aller Munde, in der Regel verstanden als eine Aufforderung, sich entsprechend zu bewegen. Leadership Insiders setzt sich kritisch mit dem wenig reflektierten Agilit\u00e4tskonzept auseinander. Dabei wird gezeigt, dass die Verhei\u00dfungen der Agilit\u00e4t tr\u00fcgen und dass immer ein Spannungsverh\u00e4ltnis zwischen Agilit\u00e4t und Stabilit\u00e4t zu wahren ist. Von zentraler Bedeutung hierbei ist die Frage nach dem \u201eMarkenkern\u201c von Organisationen \u2013 ihrer Identit\u00e4t.<\/em><\/strong><\/p>\n<p><strong>Agilit\u00e4t<\/strong> wird als die \u201eMega-Waffe\u201c bei Bew\u00e4ltigung der Herausforderungen von Change und Digitaler Transformation gehandelt. Die erfolgskritische, ja \u00fcberlebenswichtige Notwendigkeit zur Agilit\u00e4t wird h\u00e4ufig durch die plakative Charakterisierung der Welt als \u201eVUCA\u201c (volatil, unsicher, komplex, ambig) postuliert, ohne hierzu robuste empirische Evidenz vorweisen zu k\u00f6nnen. Dabei sind agile Praktiken keineswegs schlecht gedacht, im Gegenteil. Aber sie \u201efunktionieren\u201c nicht f\u00fcr sich allein. Leadership Insiders beleuchtet, inwiefern einseitigen Rufen nach Agilit\u00e4t mit mehr reflektierender Gelassenheit zu begegnen ist, um nicht wesentliche Change-Mechanismen sowie die hierbei wichtigen \u201eAkteure\u201c aus den Augen zu verlieren.<\/p>\n<p><em>Quelle &#8211; den vollst\u00e4ndigen Artikel k\u00f6nnen Sie weiterlesen unter\u00a0<a href=\"https:\/\/www.leadership-insiders.de\/der-imperativ-zur-agilen-organisation-warum-reflektierende-gelassenheit-gefragt-ist\/?cookie-state-change=1584535126707\" target=\"_blank\" rel=\"noopener noreferrer\">Leadership insiders<\/a><\/em><\/p>\n","protected":false},"excerpt":{"rendered":"<p>Agilit\u00e4t ist in aller Munde, in der Regel verstanden als eine Aufforderung, sich entsprechend zu bewegen. Leadership Insiders setzt sich [&hellip;]<\/p>\n","protected":false},"author":1,"featured_media":5855,"comment_status":"open","ping_status":"open","sticky":false,"template":"","format":"standard","meta":{"_monsterinsights_skip_tracking":false,"_uf_show_specific_survey":0,"_uf_disable_surveys":false,"site-sidebar-layout":"default","site-content-layout":"","ast-site-content-layout":"default","site-content-style":"default","site-sidebar-style":"default","ast-global-header-display":"","ast-banner-title-visibility":"","ast-main-header-display":"","ast-hfb-above-header-display":"","ast-hfb-below-header-display":"","ast-hfb-mobile-header-display":"","site-post-title":"","ast-breadcrumbs-content":"","ast-featured-img":"","footer-sml-layout":"","ast-disable-related-posts":"","theme-transparent-header-meta":"","adv-header-id-meta":"","stick-header-meta":"","header-above-stick-meta":"","header-main-stick-meta":"","header-below-stick-meta":"","astra-migrate-meta-layouts":"default","ast-page-background-enabled":"default","ast-page-background-meta":{"desktop":{"background-color":"var(--ast-global-color-5)","background-image":"","background-repeat":"repeat","background-position":"center center","background-size":"auto","background-attachment":"scroll","background-type":"","background-media":"","overlay-type":"","overlay-color":"","overlay-opacity":"","overlay-gradient":""},"tablet":{"background-color":"","background-image":"","background-repeat":"repeat","background-position":"center center","background-size":"auto","background-attachment":"scroll","background-type":"","background-media":"","overlay-type":"","overlay-color":"","overlay-opacity":"","overlay-gradient":""},"mobile":{"background-color":"","background-image":"","background-repeat":"repeat","background-position":"center center","background-size":"auto","background-attachment":"scroll","background-type":"","background-media":"","overlay-type":"","overlay-color":"","overlay-opacity":"","overlay-gradient":""}},"ast-content-background-meta":{"desktop":{"background-color":"var(--ast-global-color-4)","background-image":"","background-repeat":"repeat","background-position":"center center","background-size":"auto","background-attachment":"scroll","background-type":"","background-media":"","overlay-type":"","overlay-color":"","overlay-opacity":"","overlay-gradient":""},"tablet":{"background-color":"var(--ast-global-color-4)","background-image":"","background-repeat":"repeat","background-position":"center center","background-size":"auto","background-attachment":"scroll","background-type":"","background-media":"","overlay-type":"","overlay-color":"","overlay-opacity":"","overlay-gradient":""},"mobile":{"background-color":"var(--ast-global-color-4)","background-image":"","background-repeat":"repeat","background-position":"center center","background-size":"auto","background-attachment":"scroll","background-type":"","background-media":"","overlay-type":"","overlay-color":"","overlay-opacity":"","overlay-gradient":""}},"footnotes":""},"categories":[1085,64],"tags":[158],"class_list":["post-8478","post","type-post","status-publish","format-standard","has-post-thumbnail","hentry","category-leadership-and-management","category-leadership-und-fuehrung","tag-agil-fuhrung-fuhrungsforschung-fuhrungskultur-methoden-new-work-prof_-dr_-jurgen-weibler-studien"],"aioseo_notices":[],"aioseo_head":"\n\t\t<!-- All in One SEO 5.0.0.1 - aioseo.com -->\n\t<meta name=\"description\" content=\"Agilit\u00e4t ist in aller Munde, in der Regel verstanden als eine Aufforderung, sich entsprechend zu bewegen. Leadership Insiders setzt sich kritisch mit dem wenig reflektierten Agilit\u00e4tskonzept auseinander. Dabei wird gezeigt, dass die Verhei\u00dfungen der Agilit\u00e4t tr\u00fcgen und dass immer ein Spannungsverh\u00e4ltnis zwischen Agilit\u00e4t und Stabilit\u00e4t zu wahren ist. Von zentraler Bedeutung hierbei ist die Frage\" \/>\n\t<meta name=\"robots\" content=\"max-image-preview:large\" \/>\n\t<meta name=\"author\" content=\"adminempiricus\"\/>\n\t<link rel=\"canonical\" href=\"https:\/\/empiricus.eu\/en\/der-imperativ-zur-agilen-organisation-en\/\" \/>\n\t<meta name=\"generator\" content=\"All in One SEO (AIOSEO) 5.0.0.1\" \/>\n\t\t<meta property=\"og:locale\" content=\"en_US\" \/>\n\t\t<meta property=\"og:site_name\" content=\"IT Recruiting and Executive Advisory | empiricus GmbH -\" \/>\n\t\t<meta property=\"og:type\" content=\"article\" \/>\n\t\t<meta property=\"og:title\" content=\"Der Imperativ zur agilen Organisation - IT Recruiting and Executive Advisory | empiricus GmbH\" \/>\n\t\t<meta property=\"og:description\" content=\"Agilit\u00e4t ist in aller Munde, in der Regel verstanden als eine Aufforderung, sich entsprechend zu bewegen. Leadership Insiders setzt sich kritisch mit dem wenig reflektierten Agilit\u00e4tskonzept auseinander. Dabei wird gezeigt, dass die Verhei\u00dfungen der Agilit\u00e4t tr\u00fcgen und dass immer ein Spannungsverh\u00e4ltnis zwischen Agilit\u00e4t und Stabilit\u00e4t zu wahren ist. Von zentraler Bedeutung hierbei ist die Frage\" \/>\n\t\t<meta property=\"og:url\" content=\"https:\/\/empiricus.eu\/en\/der-imperativ-zur-agilen-organisation-en\/\" \/>\n\t\t<meta property=\"article:published_time\" content=\"2026-05-30T09:27:53+00:00\" \/>\n\t\t<meta property=\"article:modified_time\" content=\"2026-05-30T09:27:53+00:00\" \/>\n\t\t<meta name=\"twitter:card\" content=\"summary_large_image\" \/>\n\t\t<meta name=\"twitter:title\" content=\"Der Imperativ zur agilen Organisation - IT Recruiting and Executive Advisory | empiricus GmbH\" \/>\n\t\t<meta name=\"twitter:description\" content=\"Agilit\u00e4t ist in aller Munde, in der Regel verstanden als eine Aufforderung, sich entsprechend zu bewegen. Leadership Insiders setzt sich kritisch mit dem wenig reflektierten Agilit\u00e4tskonzept auseinander. Dabei wird gezeigt, dass die Verhei\u00dfungen der Agilit\u00e4t tr\u00fcgen und dass immer ein Spannungsverh\u00e4ltnis zwischen Agilit\u00e4t und Stabilit\u00e4t zu wahren ist. Von zentraler Bedeutung hierbei ist die Frage\" \/>\n\t\t<script type=\"application\/ld+json\" class=\"aioseo-schema\">\n\t\t\t{\"@context\":\"https:\\\/\\\/schema.org\",\"@graph\":[{\"@type\":\"BlogPosting\",\"@id\":\"https:\\\/\\\/empiricus.eu\\\/en\\\/der-imperativ-zur-agilen-organisation-en\\\/#blogposting\",\"name\":\"Der Imperativ zur agilen Organisation - IT Recruiting and Executive Advisory | empiricus GmbH\",\"headline\":\"Der Imperativ zur agilen Organisation\",\"author\":{\"@id\":\"https:\\\/\\\/empiricus.eu\\\/en\\\/author\\\/adminempiricus\\\/#author\"},\"publisher\":{\"@id\":\"https:\\\/\\\/empiricus.eu\\\/en\\\/#organization\"},\"image\":{\"@type\":\"ImageObject\",\"url\":\"https:\\\/\\\/empiricus.eu\\\/wp-content\\\/uploads\\\/2026\\\/05\\\/blog_42.jpg\",\"width\":300,\"height\":293},\"datePublished\":\"2026-05-30T09:27:53+02:00\",\"dateModified\":\"2026-05-30T09:27:53+02:00\",\"inLanguage\":\"en-US\",\"mainEntityOfPage\":{\"@id\":\"https:\\\/\\\/empiricus.eu\\\/en\\\/der-imperativ-zur-agilen-organisation-en\\\/#webpage\"},\"isPartOf\":{\"@id\":\"https:\\\/\\\/empiricus.eu\\\/en\\\/der-imperativ-zur-agilen-organisation-en\\\/#webpage\"},\"articleSection\":\"Leadership and Management, Leadership und F\\u00fchrung, agil F\\u00fchrung F\\u00fchrungsforschung F\\u00fchrungskultur Methoden New Work Prof_ Dr_ J\\u00fcrgen Weibler Studien, Optional, Optional\"},{\"@type\":\"BreadcrumbList\",\"@id\":\"https:\\\/\\\/empiricus.eu\\\/en\\\/der-imperativ-zur-agilen-organisation-en\\\/#breadcrumblist\",\"itemListElement\":[{\"@type\":\"ListItem\",\"@id\":\"https:\\\/\\\/empiricus.eu\\\/en\\\/#listItem\",\"position\":1,\"name\":\"Home\",\"item\":\"https:\\\/\\\/empiricus.eu\\\/en\\\/\",\"nextItem\":{\"@type\":\"ListItem\",\"@id\":\"https:\\\/\\\/empiricus.eu\\\/category\\\/leadership-und-fuehrung\\\/#listItem\",\"name\":\"Leadership und F\\u00fchrung\"}},{\"@type\":\"ListItem\",\"@id\":\"https:\\\/\\\/empiricus.eu\\\/category\\\/leadership-und-fuehrung\\\/#listItem\",\"position\":2,\"name\":\"Leadership und F\\u00fchrung\",\"item\":\"https:\\\/\\\/empiricus.eu\\\/category\\\/leadership-und-fuehrung\\\/\",\"nextItem\":{\"@type\":\"ListItem\",\"@id\":\"https:\\\/\\\/empiricus.eu\\\/en\\\/der-imperativ-zur-agilen-organisation-en\\\/#listItem\",\"name\":\"Der Imperativ zur agilen Organisation\"},\"previousItem\":{\"@type\":\"ListItem\",\"@id\":\"https:\\\/\\\/empiricus.eu\\\/en\\\/#listItem\",\"name\":\"Home\"}},{\"@type\":\"ListItem\",\"@id\":\"https:\\\/\\\/empiricus.eu\\\/en\\\/der-imperativ-zur-agilen-organisation-en\\\/#listItem\",\"position\":3,\"name\":\"Der Imperativ zur agilen Organisation\",\"previousItem\":{\"@type\":\"ListItem\",\"@id\":\"https:\\\/\\\/empiricus.eu\\\/category\\\/leadership-und-fuehrung\\\/#listItem\",\"name\":\"Leadership und F\\u00fchrung\"}}]},{\"@type\":\"Organization\",\"@id\":\"https:\\\/\\\/empiricus.eu\\\/en\\\/#organization\",\"name\":\"IT Recruiting and Executive Advisory | empiricus GmbH\",\"url\":\"https:\\\/\\\/empiricus.eu\\\/en\\\/\"},{\"@type\":\"Person\",\"@id\":\"https:\\\/\\\/empiricus.eu\\\/en\\\/author\\\/adminempiricus\\\/#author\",\"url\":\"https:\\\/\\\/empiricus.eu\\\/en\\\/author\\\/adminempiricus\\\/\",\"name\":\"adminempiricus\",\"image\":{\"@type\":\"ImageObject\",\"@id\":\"https:\\\/\\\/empiricus.eu\\\/en\\\/der-imperativ-zur-agilen-organisation-en\\\/#authorImage\",\"url\":\"https:\\\/\\\/secure.gravatar.com\\\/avatar\\\/219519c2adb9ca1437af93154ebfe0dc3a95fbe50c53f2a59ad5a5bfc5db0def?s=96&d=mm&r=g\",\"width\":96,\"height\":96,\"caption\":\"adminempiricus\"}},{\"@type\":\"WebPage\",\"@id\":\"https:\\\/\\\/empiricus.eu\\\/en\\\/der-imperativ-zur-agilen-organisation-en\\\/#webpage\",\"url\":\"https:\\\/\\\/empiricus.eu\\\/en\\\/der-imperativ-zur-agilen-organisation-en\\\/\",\"name\":\"Der Imperativ zur agilen Organisation - IT Recruiting and Executive Advisory | empiricus GmbH\",\"description\":\"Agilit\\u00e4t ist in aller Munde, in der Regel verstanden als eine Aufforderung, sich entsprechend zu bewegen. Leadership Insiders setzt sich kritisch mit dem wenig reflektierten Agilit\\u00e4tskonzept auseinander. Dabei wird gezeigt, dass die Verhei\\u00dfungen der Agilit\\u00e4t tr\\u00fcgen und dass immer ein Spannungsverh\\u00e4ltnis zwischen Agilit\\u00e4t und Stabilit\\u00e4t zu wahren ist. Von zentraler Bedeutung hierbei ist die Frage\",\"inLanguage\":\"en-US\",\"isPartOf\":{\"@id\":\"https:\\\/\\\/empiricus.eu\\\/en\\\/#website\"},\"breadcrumb\":{\"@id\":\"https:\\\/\\\/empiricus.eu\\\/en\\\/der-imperativ-zur-agilen-organisation-en\\\/#breadcrumblist\"},\"author\":{\"@id\":\"https:\\\/\\\/empiricus.eu\\\/en\\\/author\\\/adminempiricus\\\/#author\"},\"creator\":{\"@id\":\"https:\\\/\\\/empiricus.eu\\\/en\\\/author\\\/adminempiricus\\\/#author\"},\"image\":{\"@type\":\"ImageObject\",\"url\":\"https:\\\/\\\/empiricus.eu\\\/wp-content\\\/uploads\\\/2026\\\/05\\\/blog_42.jpg\",\"@id\":\"https:\\\/\\\/empiricus.eu\\\/en\\\/der-imperativ-zur-agilen-organisation-en\\\/#mainImage\",\"width\":300,\"height\":293},\"primaryImageOfPage\":{\"@id\":\"https:\\\/\\\/empiricus.eu\\\/en\\\/der-imperativ-zur-agilen-organisation-en\\\/#mainImage\"},\"datePublished\":\"2026-05-30T09:27:53+02:00\",\"dateModified\":\"2026-05-30T09:27:53+02:00\"},{\"@type\":\"WebSite\",\"@id\":\"https:\\\/\\\/empiricus.eu\\\/en\\\/#website\",\"url\":\"https:\\\/\\\/empiricus.eu\\\/en\\\/\",\"name\":\"IT Recruiting and Executive Advisory | empiricus GmbH\",\"inLanguage\":\"en-US\",\"publisher\":{\"@id\":\"https:\\\/\\\/empiricus.eu\\\/en\\\/#organization\"}}]}\n\t\t<\/script>\n\t\t<!-- All in One SEO -->\n\n","aioseo_head_json":{"title":"Der Imperativ zur agilen Organisation - IT Recruiting and Executive Advisory | empiricus GmbH","description":"Agilit\u00e4t ist in aller Munde, in der Regel verstanden als eine Aufforderung, sich entsprechend zu bewegen. Leadership Insiders setzt sich kritisch mit dem wenig reflektierten Agilit\u00e4tskonzept auseinander. Dabei wird gezeigt, dass die Verhei\u00dfungen der Agilit\u00e4t tr\u00fcgen und dass immer ein Spannungsverh\u00e4ltnis zwischen Agilit\u00e4t und Stabilit\u00e4t zu wahren ist. Von zentraler Bedeutung hierbei ist die Frage","canonical_url":"https:\/\/empiricus.eu\/en\/der-imperativ-zur-agilen-organisation-en\/","robots":"max-image-preview:large","keywords":"","webmasterTools":{"miscellaneous":""},"schema":{"@context":"https:\/\/schema.org","@graph":[{"@type":"BlogPosting","@id":"https:\/\/empiricus.eu\/en\/der-imperativ-zur-agilen-organisation-en\/#blogposting","name":"Der Imperativ zur agilen Organisation - IT Recruiting and Executive Advisory | empiricus GmbH","headline":"Der Imperativ zur agilen Organisation","author":{"@id":"https:\/\/empiricus.eu\/en\/author\/adminempiricus\/#author"},"publisher":{"@id":"https:\/\/empiricus.eu\/en\/#organization"},"image":{"@type":"ImageObject","url":"https:\/\/empiricus.eu\/wp-content\/uploads\/2026\/05\/blog_42.jpg","width":300,"height":293},"datePublished":"2026-05-30T09:27:53+02:00","dateModified":"2026-05-30T09:27:53+02:00","inLanguage":"en-US","mainEntityOfPage":{"@id":"https:\/\/empiricus.eu\/en\/der-imperativ-zur-agilen-organisation-en\/#webpage"},"isPartOf":{"@id":"https:\/\/empiricus.eu\/en\/der-imperativ-zur-agilen-organisation-en\/#webpage"},"articleSection":"Leadership and Management, Leadership und F\u00fchrung, agil F\u00fchrung F\u00fchrungsforschung F\u00fchrungskultur Methoden New Work Prof_ Dr_ J\u00fcrgen Weibler Studien, Optional, Optional"},{"@type":"BreadcrumbList","@id":"https:\/\/empiricus.eu\/en\/der-imperativ-zur-agilen-organisation-en\/#breadcrumblist","itemListElement":[{"@type":"ListItem","@id":"https:\/\/empiricus.eu\/en\/#listItem","position":1,"name":"Home","item":"https:\/\/empiricus.eu\/en\/","nextItem":{"@type":"ListItem","@id":"https:\/\/empiricus.eu\/category\/leadership-und-fuehrung\/#listItem","name":"Leadership und F\u00fchrung"}},{"@type":"ListItem","@id":"https:\/\/empiricus.eu\/category\/leadership-und-fuehrung\/#listItem","position":2,"name":"Leadership und F\u00fchrung","item":"https:\/\/empiricus.eu\/category\/leadership-und-fuehrung\/","nextItem":{"@type":"ListItem","@id":"https:\/\/empiricus.eu\/en\/der-imperativ-zur-agilen-organisation-en\/#listItem","name":"Der Imperativ zur agilen Organisation"},"previousItem":{"@type":"ListItem","@id":"https:\/\/empiricus.eu\/en\/#listItem","name":"Home"}},{"@type":"ListItem","@id":"https:\/\/empiricus.eu\/en\/der-imperativ-zur-agilen-organisation-en\/#listItem","position":3,"name":"Der Imperativ zur agilen Organisation","previousItem":{"@type":"ListItem","@id":"https:\/\/empiricus.eu\/category\/leadership-und-fuehrung\/#listItem","name":"Leadership und F\u00fchrung"}}]},{"@type":"Organization","@id":"https:\/\/empiricus.eu\/en\/#organization","name":"IT Recruiting and Executive Advisory | empiricus GmbH","url":"https:\/\/empiricus.eu\/en\/"},{"@type":"Person","@id":"https:\/\/empiricus.eu\/en\/author\/adminempiricus\/#author","url":"https:\/\/empiricus.eu\/en\/author\/adminempiricus\/","name":"adminempiricus","image":{"@type":"ImageObject","@id":"https:\/\/empiricus.eu\/en\/der-imperativ-zur-agilen-organisation-en\/#authorImage","url":"https:\/\/secure.gravatar.com\/avatar\/219519c2adb9ca1437af93154ebfe0dc3a95fbe50c53f2a59ad5a5bfc5db0def?s=96&d=mm&r=g","width":96,"height":96,"caption":"adminempiricus"}},{"@type":"WebPage","@id":"https:\/\/empiricus.eu\/en\/der-imperativ-zur-agilen-organisation-en\/#webpage","url":"https:\/\/empiricus.eu\/en\/der-imperativ-zur-agilen-organisation-en\/","name":"Der Imperativ zur agilen Organisation - IT Recruiting and Executive Advisory | empiricus GmbH","description":"Agilit\u00e4t ist in aller Munde, in der Regel verstanden als eine Aufforderung, sich entsprechend zu bewegen. Leadership Insiders setzt sich kritisch mit dem wenig reflektierten Agilit\u00e4tskonzept auseinander. Dabei wird gezeigt, dass die Verhei\u00dfungen der Agilit\u00e4t tr\u00fcgen und dass immer ein Spannungsverh\u00e4ltnis zwischen Agilit\u00e4t und Stabilit\u00e4t zu wahren ist. Von zentraler Bedeutung hierbei ist die Frage","inLanguage":"en-US","isPartOf":{"@id":"https:\/\/empiricus.eu\/en\/#website"},"breadcrumb":{"@id":"https:\/\/empiricus.eu\/en\/der-imperativ-zur-agilen-organisation-en\/#breadcrumblist"},"author":{"@id":"https:\/\/empiricus.eu\/en\/author\/adminempiricus\/#author"},"creator":{"@id":"https:\/\/empiricus.eu\/en\/author\/adminempiricus\/#author"},"image":{"@type":"ImageObject","url":"https:\/\/empiricus.eu\/wp-content\/uploads\/2026\/05\/blog_42.jpg","@id":"https:\/\/empiricus.eu\/en\/der-imperativ-zur-agilen-organisation-en\/#mainImage","width":300,"height":293},"primaryImageOfPage":{"@id":"https:\/\/empiricus.eu\/en\/der-imperativ-zur-agilen-organisation-en\/#mainImage"},"datePublished":"2026-05-30T09:27:53+02:00","dateModified":"2026-05-30T09:27:53+02:00"},{"@type":"WebSite","@id":"https:\/\/empiricus.eu\/en\/#website","url":"https:\/\/empiricus.eu\/en\/","name":"IT Recruiting and Executive Advisory | empiricus GmbH","inLanguage":"en-US","publisher":{"@id":"https:\/\/empiricus.eu\/en\/#organization"}}]},"og:locale":"en_US","og:site_name":"IT Recruiting and Executive Advisory | empiricus GmbH -","og:type":"article","og:title":"Der Imperativ zur agilen Organisation - IT Recruiting and Executive Advisory | empiricus GmbH","og:description":"Agilit\u00e4t ist in aller Munde, in der Regel verstanden als eine Aufforderung, sich entsprechend zu bewegen. Leadership Insiders setzt sich kritisch mit dem wenig reflektierten Agilit\u00e4tskonzept auseinander. Dabei wird gezeigt, dass die Verhei\u00dfungen der Agilit\u00e4t tr\u00fcgen und dass immer ein Spannungsverh\u00e4ltnis zwischen Agilit\u00e4t und Stabilit\u00e4t zu wahren ist. Von zentraler Bedeutung hierbei ist die Frage","og:url":"https:\/\/empiricus.eu\/en\/der-imperativ-zur-agilen-organisation-en\/","article:published_time":"2026-05-30T09:27:53+00:00","article:modified_time":"2026-05-30T09:27:53+00:00","twitter:card":"summary_large_image","twitter:title":"Der Imperativ zur agilen Organisation - IT Recruiting and Executive Advisory | empiricus GmbH","twitter:description":"Agilit\u00e4t ist in aller Munde, in der Regel verstanden als eine Aufforderung, sich entsprechend zu bewegen. Leadership Insiders setzt sich kritisch mit dem wenig reflektierten Agilit\u00e4tskonzept auseinander. Dabei wird gezeigt, dass die Verhei\u00dfungen der Agilit\u00e4t tr\u00fcgen und dass immer ein Spannungsverh\u00e4ltnis zwischen Agilit\u00e4t und Stabilit\u00e4t zu wahren ist. Von zentraler Bedeutung hierbei ist die Frage"},"aioseo_meta_data":{"post_id":"8478","title":null,"description":null,"keywords":null,"keyphrases":{"focus":[],"additional":[]},"primary_term":null,"canonical_url":null,"og_title":null,"og_description":null,"og_object_type":"default","og_image_type":"default","og_image_custom_url":null,"og_image_custom_fields":null,"og_image_url":null,"og_image_width":null,"og_image_height":null,"og_video":null,"og_custom_url":null,"og_article_section":null,"og_article_tags":null,"twitter_use_og":false,"twitter_card":"default","twitter_image_type":"default","twitter_image_custom_url":null,"twitter_image_custom_fields":null,"twitter_image_url":null,"twitter_title":null,"twitter_description":null,"schema_type":"default","schema_type_options":null,"schema":{"blockGraphs":[],"customGraphs":[],"default":{"data":{"Article":[],"Course":[],"Dataset":[],"FAQPage":[],"Movie":[],"Person":[],"Product":[],"ProductReview":[],"Car":[],"Recipe":[],"Service":[],"SoftwareApplication":[],"WebPage":[]},"graphName":"","isEnabled":true},"graphs":[]},"pillar_content":false,"robots_default":true,"robots_noindex":false,"robots_noarchive":false,"robots_nosnippet":false,"robots_nofollow":false,"robots_noimageindex":false,"robots_noodp":false,"robots_notranslate":false,"robots_max_snippet":null,"robots_max_videopreview":null,"robots_max_imagepreview":"large","priority":null,"frequency":null,"local_seo":null,"limit_modified_date":false,"ai":null,"breadcrumb_settings":null,"seo_analyzer_scan_date":null,"created":"2026-07-27 08:40:03","updated":"2026-09-01 08:10:52","focus_keyword":null,"additional_keywords":null,"truseo_locale":null},"aioseo_breadcrumb":"<div class=\"aioseo-breadcrumbs\"><span class=\"aioseo-breadcrumb\">\n\t\t\t<a href=\"https:\/\/empiricus.eu\/en\/\" title=\"Home\">Home<\/a>\n\t\t<\/span><span class=\"aioseo-breadcrumb-separator\">&raquo;<\/span><span class=\"aioseo-breadcrumb\">\n\t\t\t<a href=\"https:\/\/empiricus.eu\/category\/leadership-und-fuehrung\/\" title=\"Leadership und F\u00fchrung\">Leadership und F\u00fchrung<\/a>\n\t\t<\/span><span class=\"aioseo-breadcrumb-separator\">&raquo;<\/span><span class=\"aioseo-breadcrumb\">\n\t\t\tDer Imperativ zur agilen Organisation\n\t\t<\/span><\/div>","aioseo_breadcrumb_json":[{"label":"Home","link":"https:\/\/empiricus.eu\/en\/"},{"label":"Leadership und F\u00fchrung","link":"https:\/\/empiricus.eu\/category\/leadership-und-fuehrung\/"},{"label":"Der Imperativ zur agilen Organisation","link":"https:\/\/empiricus.eu\/en\/der-imperativ-zur-agilen-organisation-en\/"}],"_links":{"self":[{"href":"https:\/\/empiricus.eu\/en\/wp-json\/wp\/v2\/posts\/8478","targetHints":{"allow":["GET"]}}],"collection":[{"href":"https:\/\/empiricus.eu\/en\/wp-json\/wp\/v2\/posts"}],"about":[{"href":"https:\/\/empiricus.eu\/en\/wp-json\/wp\/v2\/types\/post"}],"author":[{"embeddable":true,"href":"https:\/\/empiricus.eu\/en\/wp-json\/wp\/v2\/users\/1"}],"replies":[{"embeddable":true,"href":"https:\/\/empiricus.eu\/en\/wp-json\/wp\/v2\/comments?post=8478"}],"version-history":[{"count":0,"href":"https:\/\/empiricus.eu\/en\/wp-json\/wp\/v2\/posts\/8478\/revisions"}],"wp:featuredmedia":[{"embeddable":true,"href":"https:\/\/empiricus.eu\/en\/wp-json\/wp\/v2\/media\/5855"}],"wp:attachment":[{"href":"https:\/\/empiricus.eu\/en\/wp-json\/wp\/v2\/media?parent=8478"}],"wp:term":[{"taxonomy":"category","embeddable":true,"href":"https:\/\/empiricus.eu\/en\/wp-json\/wp\/v2\/categories?post=8478"},{"taxonomy":"post_tag","embeddable":true,"href":"https:\/\/empiricus.eu\/en\/wp-json\/wp\/v2\/tags?post=8478"}],"curies":[{"name":"wp","href":"https:\/\/api.w.org\/{rel}","templated":true}]}}