{"id":8452,"date":"2026-05-30T09:27:52","date_gmt":"2026-05-30T09:27:52","guid":{"rendered":"https:\/\/dev.empiricus.eu\/buch-en\/"},"modified":"2026-05-30T09:27:52","modified_gmt":"2026-05-30T09:27:52","slug":"buch-en","status":"publish","type":"post","link":"https:\/\/empiricus.eu\/en\/buch-en\/","title":{"rendered":"Buch: Leadership-Kompetenz &#8211; Selbstregulation"},"content":{"rendered":"<p><em>Im komplexen und agilen Umfeld als F\u00fchrungskraft selbstwirksam handeln und Vorbild sein. Das Buch ist bei managerSeminare in der Leadership kompakt Reihe erschienen. Diese neue Buchreihe richtet sich an die junge F\u00fchrungskraft und will sie bei ihren aktuellen Anforderungen und Aufgaben unterst\u00fctzen. Es ist kompakt und mit vielen Graphiken anschaulich aufbereitet.<\/em><\/p>\n<p>\u201eLeadership-Kompetenz Selbstregulation\u201c soll F\u00fchrungskr\u00e4fte begleiten in ihrer F\u00fchrungspraxis erfolgreich zu sein. Sich selbst gut zu f\u00fchren, ist eine Voraussetzung f\u00fcr eine gute F\u00fchrungspraxis. Selbstregulation hei\u00dft auch, die Art zu Denken zu ver\u00e4ndern, und hat viele Facetten. Im komplexen und agilen Umfeld brauchen wir erfolgreiche flexible Strategien, wie wir auf die konstant hohe Ver\u00e4nderungsgeschwindigkeit reagieren k\u00f6nnen \u2013 und zwar immer wieder aufs Neue. Denn was gestern funktioniert hat, gilt heute vielleicht schon nicht mehr.<\/p>\n<p>Verlag: managerSeminare, Bonn. ISBN ISBN 978-3-95891-032-4<\/p>\n<p>Autorinnen Katrin Gre\u00dfer &amp; Renate Freisler<\/p>\n<p>Hier gehts zur<a href=\"https:\/\/www.managerseminare.de\/pdf\/KPtb-11963.pdf\" target=\"_blank\" rel=\"noopener noreferrer\"> Leseprobe<\/a><\/p>\n<p>Quelle: Unser Gesch\u00e4ftspartner\u00a0<a href=\"https:\/\/www.einfachstimmig.de\/themen\/leseraum\" target=\"_blank\" rel=\"noopener noreferrer\">EinfachStimmig<\/a><\/p>\n<p>Bestellen k\u00f6nnen Sie beispielsweise hier bei amazon\u00a0<\/p>\n<p><a href=\"https:\/\/www.amazon.de\/gp\/product\/3958910351\/ref=as_li_tl?ie=UTF8&amp;camp=1638&amp;creative=6742&amp;creativeASIN=3958910351&amp;linkCode=as2&amp;tag=wwwitbusiness-21&amp;linkId=d40999a954bde8a34dd70d57fc42bfb9\" target=\"_blank\" rel=\"noopener noreferrer\"><img decoding=\"async\" src=\"\/\/ws-eu.amazon-adsystem.com\/widgets\/q?_encoding=UTF8&amp;MarketPlace=DE&amp;ASIN=3958910351&amp;ServiceVersion=20070822&amp;ID=AsinImage&amp;WS=1&amp;Format=_SL250_&amp;tag=wwwitbusiness-21\" border=\"0\" \/><\/a><img decoding=\"async\" style=\"border: none !important; margin: 0px !important;\" src=\"\/\/ir-de.amazon-adsystem.com\/e\/ir?t=wwwitbusiness-21&amp;l=am2&amp;o=3&amp;a=3958910351\" alt=\"\" width=\"1\" height=\"1\" border=\"0\" \/><\/p>\n","protected":false},"excerpt":{"rendered":"<p>Im komplexen und agilen Umfeld als F\u00fchrungskraft selbstwirksam handeln und Vorbild sein. Das Buch ist bei managerSeminare in der Leadership [&hellip;]<\/p>\n","protected":false},"author":1,"featured_media":5815,"comment_status":"open","ping_status":"open","sticky":false,"template":"","format":"standard","meta":{"_monsterinsights_skip_tracking":false,"_uf_show_specific_survey":0,"_uf_disable_surveys":false,"site-sidebar-layout":"default","site-content-layout":"","ast-site-content-layout":"default","site-content-style":"default","site-sidebar-style":"default","ast-global-header-display":"","ast-banner-title-visibility":"","ast-main-header-display":"","ast-hfb-above-header-display":"","ast-hfb-below-header-display":"","ast-hfb-mobile-header-display":"","site-post-title":"","ast-breadcrumbs-content":"","ast-featured-img":"","footer-sml-layout":"","ast-disable-related-posts":"","theme-transparent-header-meta":"","adv-header-id-meta":"","stick-header-meta":"","header-above-stick-meta":"","header-main-stick-meta":"","header-below-stick-meta":"","astra-migrate-meta-layouts":"default","ast-page-background-enabled":"default","ast-page-background-meta":{"desktop":{"background-color":"var(--ast-global-color-5)","background-image":"","background-repeat":"repeat","background-position":"center center","background-size":"auto","background-attachment":"scroll","background-type":"","background-media":"","overlay-type":"","overlay-color":"","overlay-opacity":"","overlay-gradient":""},"tablet":{"background-color":"","background-image":"","background-repeat":"repeat","background-position":"center center","background-size":"auto","background-attachment":"scroll","background-type":"","background-media":"","overlay-type":"","overlay-color":"","overlay-opacity":"","overlay-gradient":""},"mobile":{"background-color":"","background-image":"","background-repeat":"repeat","background-position":"center center","background-size":"auto","background-attachment":"scroll","background-type":"","background-media":"","overlay-type":"","overlay-color":"","overlay-opacity":"","overlay-gradient":""}},"ast-content-background-meta":{"desktop":{"background-color":"var(--ast-global-color-4)","background-image":"","background-repeat":"repeat","background-position":"center center","background-size":"auto","background-attachment":"scroll","background-type":"","background-media":"","overlay-type":"","overlay-color":"","overlay-opacity":"","overlay-gradient":""},"tablet":{"background-color":"var(--ast-global-color-4)","background-image":"","background-repeat":"repeat","background-position":"center center","background-size":"auto","background-attachment":"scroll","background-type":"","background-media":"","overlay-type":"","overlay-color":"","overlay-opacity":"","overlay-gradient":""},"mobile":{"background-color":"var(--ast-global-color-4)","background-image":"","background-repeat":"repeat","background-position":"center center","background-size":"auto","background-attachment":"scroll","background-type":"","background-media":"","overlay-type":"","overlay-color":"","overlay-opacity":"","overlay-gradient":""}},"footnotes":""},"categories":[1085,64],"tags":[1150,87],"class_list":["post-8452","post","type-post","status-publish","format-standard","has-post-thumbnail","hentry","category-leadership-and-management","category-leadership-und-fuehrung","tag-fuehrung-fuehrungskultur-leadership","tag-fuhrung-fuhrungskultur-leadership"],"aioseo_notices":[],"aioseo_head":"\n\t\t<!-- All in One SEO 5.0.0.1 - aioseo.com -->\n\t<meta name=\"description\" content=\"Im komplexen und agilen Umfeld als F\u00fchrungskraft selbstwirksam handeln und Vorbild sein. Das Buch ist bei managerSeminare in der Leadership kompakt Reihe erschienen. Diese neue Buchreihe richtet sich an die junge F\u00fchrungskraft und will sie bei ihren aktuellen Anforderungen und Aufgaben unterst\u00fctzen. Es ist kompakt und mit vielen Graphiken anschaulich aufbereitet. \u201eLeadership-Kompetenz Selbstregulation\u201c soll F\u00fchrungskr\u00e4fte\" \/>\n\t<meta name=\"robots\" content=\"max-image-preview:large\" \/>\n\t<meta name=\"author\" content=\"adminempiricus\"\/>\n\t<link rel=\"canonical\" href=\"https:\/\/empiricus.eu\/en\/buch-en\/\" \/>\n\t<meta name=\"generator\" content=\"All in One SEO (AIOSEO) 5.0.0.1\" \/>\n\t\t<meta property=\"og:locale\" content=\"en_US\" \/>\n\t\t<meta property=\"og:site_name\" content=\"IT Recruiting and Executive Advisory | empiricus GmbH -\" \/>\n\t\t<meta property=\"og:type\" content=\"article\" \/>\n\t\t<meta property=\"og:title\" content=\"Buch: Leadership-Kompetenz \u2013 Selbstregulation - IT Recruiting and Executive Advisory | empiricus GmbH\" \/>\n\t\t<meta property=\"og:description\" content=\"Im komplexen und agilen Umfeld als F\u00fchrungskraft selbstwirksam handeln und Vorbild sein. Das Buch ist bei managerSeminare in der Leadership kompakt Reihe erschienen. Diese neue Buchreihe richtet sich an die junge F\u00fchrungskraft und will sie bei ihren aktuellen Anforderungen und Aufgaben unterst\u00fctzen. Es ist kompakt und mit vielen Graphiken anschaulich aufbereitet. \u201eLeadership-Kompetenz Selbstregulation\u201c soll F\u00fchrungskr\u00e4fte\" \/>\n\t\t<meta property=\"og:url\" content=\"https:\/\/empiricus.eu\/en\/buch-en\/\" \/>\n\t\t<meta property=\"article:published_time\" content=\"2026-05-30T09:27:52+00:00\" \/>\n\t\t<meta property=\"article:modified_time\" content=\"2026-05-30T09:27:52+00:00\" \/>\n\t\t<meta name=\"twitter:card\" content=\"summary_large_image\" \/>\n\t\t<meta name=\"twitter:title\" content=\"Buch: Leadership-Kompetenz \u2013 Selbstregulation - IT Recruiting and Executive Advisory | empiricus GmbH\" \/>\n\t\t<meta name=\"twitter:description\" content=\"Im komplexen und agilen Umfeld als F\u00fchrungskraft selbstwirksam handeln und Vorbild sein. Das Buch ist bei managerSeminare in der Leadership kompakt Reihe erschienen. Diese neue Buchreihe richtet sich an die junge F\u00fchrungskraft und will sie bei ihren aktuellen Anforderungen und Aufgaben unterst\u00fctzen. Es ist kompakt und mit vielen Graphiken anschaulich aufbereitet. \u201eLeadership-Kompetenz Selbstregulation\u201c soll F\u00fchrungskr\u00e4fte\" \/>\n\t\t<script type=\"application\/ld+json\" class=\"aioseo-schema\">\n\t\t\t{\"@context\":\"https:\\\/\\\/schema.org\",\"@graph\":[{\"@type\":\"BlogPosting\",\"@id\":\"https:\\\/\\\/empiricus.eu\\\/en\\\/buch-en\\\/#blogposting\",\"name\":\"Buch: Leadership-Kompetenz \\u2013 Selbstregulation - IT Recruiting and Executive Advisory | empiricus GmbH\",\"headline\":\"Buch: Leadership-Kompetenz &#8211; Selbstregulation\",\"author\":{\"@id\":\"https:\\\/\\\/empiricus.eu\\\/en\\\/author\\\/adminempiricus\\\/#author\"},\"publisher\":{\"@id\":\"https:\\\/\\\/empiricus.eu\\\/en\\\/#organization\"},\"image\":{\"@type\":\"ImageObject\",\"url\":\"https:\\\/\\\/empiricus.eu\\\/wp-content\\\/uploads\\\/2026\\\/05\\\/Bildschirmfoto-2017-11-24-um-11.45.16.png\",\"width\":241,\"height\":344},\"datePublished\":\"2026-05-30T09:27:52+02:00\",\"dateModified\":\"2026-05-30T09:27:52+02:00\",\"inLanguage\":\"en-US\",\"mainEntityOfPage\":{\"@id\":\"https:\\\/\\\/empiricus.eu\\\/en\\\/buch-en\\\/#webpage\"},\"isPartOf\":{\"@id\":\"https:\\\/\\\/empiricus.eu\\\/en\\\/buch-en\\\/#webpage\"},\"articleSection\":\"Leadership and Management, Leadership und F\\u00fchrung, F\\u00fchrung F\\u00fchrungskultur Leadership, F\\u00fchrung F\\u00fchrungskultur Leadership, Optional, Optional\"},{\"@type\":\"BreadcrumbList\",\"@id\":\"https:\\\/\\\/empiricus.eu\\\/en\\\/buch-en\\\/#breadcrumblist\",\"itemListElement\":[{\"@type\":\"ListItem\",\"@id\":\"https:\\\/\\\/empiricus.eu\\\/en\\\/#listItem\",\"position\":1,\"name\":\"Home\",\"item\":\"https:\\\/\\\/empiricus.eu\\\/en\\\/\",\"nextItem\":{\"@type\":\"ListItem\",\"@id\":\"https:\\\/\\\/empiricus.eu\\\/category\\\/leadership-und-fuehrung\\\/#listItem\",\"name\":\"Leadership und F\\u00fchrung\"}},{\"@type\":\"ListItem\",\"@id\":\"https:\\\/\\\/empiricus.eu\\\/category\\\/leadership-und-fuehrung\\\/#listItem\",\"position\":2,\"name\":\"Leadership und F\\u00fchrung\",\"item\":\"https:\\\/\\\/empiricus.eu\\\/category\\\/leadership-und-fuehrung\\\/\",\"nextItem\":{\"@type\":\"ListItem\",\"@id\":\"https:\\\/\\\/empiricus.eu\\\/en\\\/buch-en\\\/#listItem\",\"name\":\"Buch: Leadership-Kompetenz &#8211; Selbstregulation\"},\"previousItem\":{\"@type\":\"ListItem\",\"@id\":\"https:\\\/\\\/empiricus.eu\\\/en\\\/#listItem\",\"name\":\"Home\"}},{\"@type\":\"ListItem\",\"@id\":\"https:\\\/\\\/empiricus.eu\\\/en\\\/buch-en\\\/#listItem\",\"position\":3,\"name\":\"Buch: Leadership-Kompetenz &#8211; Selbstregulation\",\"previousItem\":{\"@type\":\"ListItem\",\"@id\":\"https:\\\/\\\/empiricus.eu\\\/category\\\/leadership-und-fuehrung\\\/#listItem\",\"name\":\"Leadership und F\\u00fchrung\"}}]},{\"@type\":\"Organization\",\"@id\":\"https:\\\/\\\/empiricus.eu\\\/en\\\/#organization\",\"name\":\"IT Recruiting and Executive Advisory | empiricus GmbH\",\"url\":\"https:\\\/\\\/empiricus.eu\\\/en\\\/\"},{\"@type\":\"Person\",\"@id\":\"https:\\\/\\\/empiricus.eu\\\/en\\\/author\\\/adminempiricus\\\/#author\",\"url\":\"https:\\\/\\\/empiricus.eu\\\/en\\\/author\\\/adminempiricus\\\/\",\"name\":\"adminempiricus\",\"image\":{\"@type\":\"ImageObject\",\"@id\":\"https:\\\/\\\/empiricus.eu\\\/en\\\/buch-en\\\/#authorImage\",\"url\":\"https:\\\/\\\/secure.gravatar.com\\\/avatar\\\/219519c2adb9ca1437af93154ebfe0dc3a95fbe50c53f2a59ad5a5bfc5db0def?s=96&d=mm&r=g\",\"width\":96,\"height\":96,\"caption\":\"adminempiricus\"}},{\"@type\":\"WebPage\",\"@id\":\"https:\\\/\\\/empiricus.eu\\\/en\\\/buch-en\\\/#webpage\",\"url\":\"https:\\\/\\\/empiricus.eu\\\/en\\\/buch-en\\\/\",\"name\":\"Buch: Leadership-Kompetenz \\u2013 Selbstregulation - IT Recruiting and Executive Advisory | empiricus GmbH\",\"description\":\"Im komplexen und agilen Umfeld als F\\u00fchrungskraft selbstwirksam handeln und Vorbild sein. Das Buch ist bei managerSeminare in der Leadership kompakt Reihe erschienen. Diese neue Buchreihe richtet sich an die junge F\\u00fchrungskraft und will sie bei ihren aktuellen Anforderungen und Aufgaben unterst\\u00fctzen. Es ist kompakt und mit vielen Graphiken anschaulich aufbereitet. \\u201eLeadership-Kompetenz Selbstregulation\\u201c soll F\\u00fchrungskr\\u00e4fte\",\"inLanguage\":\"en-US\",\"isPartOf\":{\"@id\":\"https:\\\/\\\/empiricus.eu\\\/en\\\/#website\"},\"breadcrumb\":{\"@id\":\"https:\\\/\\\/empiricus.eu\\\/en\\\/buch-en\\\/#breadcrumblist\"},\"author\":{\"@id\":\"https:\\\/\\\/empiricus.eu\\\/en\\\/author\\\/adminempiricus\\\/#author\"},\"creator\":{\"@id\":\"https:\\\/\\\/empiricus.eu\\\/en\\\/author\\\/adminempiricus\\\/#author\"},\"image\":{\"@type\":\"ImageObject\",\"url\":\"https:\\\/\\\/empiricus.eu\\\/wp-content\\\/uploads\\\/2026\\\/05\\\/Bildschirmfoto-2017-11-24-um-11.45.16.png\",\"@id\":\"https:\\\/\\\/empiricus.eu\\\/en\\\/buch-en\\\/#mainImage\",\"width\":241,\"height\":344},\"primaryImageOfPage\":{\"@id\":\"https:\\\/\\\/empiricus.eu\\\/en\\\/buch-en\\\/#mainImage\"},\"datePublished\":\"2026-05-30T09:27:52+02:00\",\"dateModified\":\"2026-05-30T09:27:52+02:00\"},{\"@type\":\"WebSite\",\"@id\":\"https:\\\/\\\/empiricus.eu\\\/en\\\/#website\",\"url\":\"https:\\\/\\\/empiricus.eu\\\/en\\\/\",\"name\":\"IT Recruiting and Executive Advisory | empiricus GmbH\",\"inLanguage\":\"en-US\",\"publisher\":{\"@id\":\"https:\\\/\\\/empiricus.eu\\\/en\\\/#organization\"}}]}\n\t\t<\/script>\n\t\t<!-- All in One SEO -->\n\n","aioseo_head_json":{"title":"Buch: Leadership-Kompetenz \u2013 Selbstregulation - IT Recruiting and Executive Advisory | empiricus GmbH","description":"Im komplexen und agilen Umfeld als F\u00fchrungskraft selbstwirksam handeln und Vorbild sein. Das Buch ist bei managerSeminare in der Leadership kompakt Reihe erschienen. Diese neue Buchreihe richtet sich an die junge F\u00fchrungskraft und will sie bei ihren aktuellen Anforderungen und Aufgaben unterst\u00fctzen. Es ist kompakt und mit vielen Graphiken anschaulich aufbereitet. \u201eLeadership-Kompetenz Selbstregulation\u201c soll F\u00fchrungskr\u00e4fte","canonical_url":"https:\/\/empiricus.eu\/en\/buch-en\/","robots":"max-image-preview:large","keywords":"","webmasterTools":{"miscellaneous":""},"schema":{"@context":"https:\/\/schema.org","@graph":[{"@type":"BlogPosting","@id":"https:\/\/empiricus.eu\/en\/buch-en\/#blogposting","name":"Buch: Leadership-Kompetenz \u2013 Selbstregulation - IT Recruiting and Executive Advisory | empiricus GmbH","headline":"Buch: Leadership-Kompetenz &#8211; Selbstregulation","author":{"@id":"https:\/\/empiricus.eu\/en\/author\/adminempiricus\/#author"},"publisher":{"@id":"https:\/\/empiricus.eu\/en\/#organization"},"image":{"@type":"ImageObject","url":"https:\/\/empiricus.eu\/wp-content\/uploads\/2026\/05\/Bildschirmfoto-2017-11-24-um-11.45.16.png","width":241,"height":344},"datePublished":"2026-05-30T09:27:52+02:00","dateModified":"2026-05-30T09:27:52+02:00","inLanguage":"en-US","mainEntityOfPage":{"@id":"https:\/\/empiricus.eu\/en\/buch-en\/#webpage"},"isPartOf":{"@id":"https:\/\/empiricus.eu\/en\/buch-en\/#webpage"},"articleSection":"Leadership and Management, Leadership und F\u00fchrung, F\u00fchrung F\u00fchrungskultur Leadership, F\u00fchrung F\u00fchrungskultur Leadership, Optional, Optional"},{"@type":"BreadcrumbList","@id":"https:\/\/empiricus.eu\/en\/buch-en\/#breadcrumblist","itemListElement":[{"@type":"ListItem","@id":"https:\/\/empiricus.eu\/en\/#listItem","position":1,"name":"Home","item":"https:\/\/empiricus.eu\/en\/","nextItem":{"@type":"ListItem","@id":"https:\/\/empiricus.eu\/category\/leadership-und-fuehrung\/#listItem","name":"Leadership und F\u00fchrung"}},{"@type":"ListItem","@id":"https:\/\/empiricus.eu\/category\/leadership-und-fuehrung\/#listItem","position":2,"name":"Leadership und F\u00fchrung","item":"https:\/\/empiricus.eu\/category\/leadership-und-fuehrung\/","nextItem":{"@type":"ListItem","@id":"https:\/\/empiricus.eu\/en\/buch-en\/#listItem","name":"Buch: Leadership-Kompetenz &#8211; Selbstregulation"},"previousItem":{"@type":"ListItem","@id":"https:\/\/empiricus.eu\/en\/#listItem","name":"Home"}},{"@type":"ListItem","@id":"https:\/\/empiricus.eu\/en\/buch-en\/#listItem","position":3,"name":"Buch: Leadership-Kompetenz &#8211; Selbstregulation","previousItem":{"@type":"ListItem","@id":"https:\/\/empiricus.eu\/category\/leadership-und-fuehrung\/#listItem","name":"Leadership und F\u00fchrung"}}]},{"@type":"Organization","@id":"https:\/\/empiricus.eu\/en\/#organization","name":"IT Recruiting and Executive Advisory | empiricus GmbH","url":"https:\/\/empiricus.eu\/en\/"},{"@type":"Person","@id":"https:\/\/empiricus.eu\/en\/author\/adminempiricus\/#author","url":"https:\/\/empiricus.eu\/en\/author\/adminempiricus\/","name":"adminempiricus","image":{"@type":"ImageObject","@id":"https:\/\/empiricus.eu\/en\/buch-en\/#authorImage","url":"https:\/\/secure.gravatar.com\/avatar\/219519c2adb9ca1437af93154ebfe0dc3a95fbe50c53f2a59ad5a5bfc5db0def?s=96&d=mm&r=g","width":96,"height":96,"caption":"adminempiricus"}},{"@type":"WebPage","@id":"https:\/\/empiricus.eu\/en\/buch-en\/#webpage","url":"https:\/\/empiricus.eu\/en\/buch-en\/","name":"Buch: Leadership-Kompetenz \u2013 Selbstregulation - IT Recruiting and Executive Advisory | empiricus GmbH","description":"Im komplexen und agilen Umfeld als F\u00fchrungskraft selbstwirksam handeln und Vorbild sein. Das Buch ist bei managerSeminare in der Leadership kompakt Reihe erschienen. Diese neue Buchreihe richtet sich an die junge F\u00fchrungskraft und will sie bei ihren aktuellen Anforderungen und Aufgaben unterst\u00fctzen. Es ist kompakt und mit vielen Graphiken anschaulich aufbereitet. \u201eLeadership-Kompetenz Selbstregulation\u201c soll F\u00fchrungskr\u00e4fte","inLanguage":"en-US","isPartOf":{"@id":"https:\/\/empiricus.eu\/en\/#website"},"breadcrumb":{"@id":"https:\/\/empiricus.eu\/en\/buch-en\/#breadcrumblist"},"author":{"@id":"https:\/\/empiricus.eu\/en\/author\/adminempiricus\/#author"},"creator":{"@id":"https:\/\/empiricus.eu\/en\/author\/adminempiricus\/#author"},"image":{"@type":"ImageObject","url":"https:\/\/empiricus.eu\/wp-content\/uploads\/2026\/05\/Bildschirmfoto-2017-11-24-um-11.45.16.png","@id":"https:\/\/empiricus.eu\/en\/buch-en\/#mainImage","width":241,"height":344},"primaryImageOfPage":{"@id":"https:\/\/empiricus.eu\/en\/buch-en\/#mainImage"},"datePublished":"2026-05-30T09:27:52+02:00","dateModified":"2026-05-30T09:27:52+02:00"},{"@type":"WebSite","@id":"https:\/\/empiricus.eu\/en\/#website","url":"https:\/\/empiricus.eu\/en\/","name":"IT Recruiting and Executive Advisory | empiricus GmbH","inLanguage":"en-US","publisher":{"@id":"https:\/\/empiricus.eu\/en\/#organization"}}]},"og:locale":"en_US","og:site_name":"IT Recruiting and Executive Advisory | empiricus GmbH -","og:type":"article","og:title":"Buch: Leadership-Kompetenz \u2013 Selbstregulation - IT Recruiting and Executive Advisory | empiricus GmbH","og:description":"Im komplexen und agilen Umfeld als F\u00fchrungskraft selbstwirksam handeln und Vorbild sein. Das Buch ist bei managerSeminare in der Leadership kompakt Reihe erschienen. Diese neue Buchreihe richtet sich an die junge F\u00fchrungskraft und will sie bei ihren aktuellen Anforderungen und Aufgaben unterst\u00fctzen. Es ist kompakt und mit vielen Graphiken anschaulich aufbereitet. \u201eLeadership-Kompetenz Selbstregulation\u201c soll F\u00fchrungskr\u00e4fte","og:url":"https:\/\/empiricus.eu\/en\/buch-en\/","article:published_time":"2026-05-30T09:27:52+00:00","article:modified_time":"2026-05-30T09:27:52+00:00","twitter:card":"summary_large_image","twitter:title":"Buch: Leadership-Kompetenz \u2013 Selbstregulation - IT Recruiting and Executive Advisory | empiricus GmbH","twitter:description":"Im komplexen und agilen Umfeld als F\u00fchrungskraft selbstwirksam handeln und Vorbild sein. Das Buch ist bei managerSeminare in der Leadership kompakt Reihe erschienen. Diese neue Buchreihe richtet sich an die junge F\u00fchrungskraft und will sie bei ihren aktuellen Anforderungen und Aufgaben unterst\u00fctzen. Es ist kompakt und mit vielen Graphiken anschaulich aufbereitet. \u201eLeadership-Kompetenz Selbstregulation\u201c soll F\u00fchrungskr\u00e4fte"},"aioseo_meta_data":{"post_id":"8452","title":null,"description":null,"keywords":null,"keyphrases":{"focus":[],"additional":[]},"primary_term":null,"canonical_url":null,"og_title":null,"og_description":null,"og_object_type":"default","og_image_type":"default","og_image_custom_url":null,"og_image_custom_fields":null,"og_image_url":null,"og_image_width":null,"og_image_height":null,"og_video":null,"og_custom_url":null,"og_article_section":null,"og_article_tags":null,"twitter_use_og":false,"twitter_card":"default","twitter_image_type":"default","twitter_image_custom_url":null,"twitter_image_custom_fields":null,"twitter_image_url":null,"twitter_title":null,"twitter_description":null,"schema_type":"default","schema_type_options":null,"schema":{"blockGraphs":[],"customGraphs":[],"default":{"data":{"Article":[],"Course":[],"Dataset":[],"FAQPage":[],"Movie":[],"Person":[],"Product":[],"ProductReview":[],"Car":[],"Recipe":[],"Service":[],"SoftwareApplication":[],"WebPage":[]},"graphName":"","isEnabled":true},"graphs":[]},"pillar_content":false,"robots_default":true,"robots_noindex":false,"robots_noarchive":false,"robots_nosnippet":false,"robots_nofollow":false,"robots_noimageindex":false,"robots_noodp":false,"robots_notranslate":false,"robots_max_snippet":null,"robots_max_videopreview":null,"robots_max_imagepreview":"large","priority":null,"frequency":null,"local_seo":null,"limit_modified_date":false,"ai":null,"breadcrumb_settings":null,"seo_analyzer_scan_date":null,"created":"2026-07-27 08:35:27","updated":"2026-09-01 08:10:55","focus_keyword":null,"additional_keywords":null,"truseo_locale":null},"aioseo_breadcrumb":"<div class=\"aioseo-breadcrumbs\"><span class=\"aioseo-breadcrumb\">\n\t\t\t<a href=\"https:\/\/empiricus.eu\/en\/\" title=\"Home\">Home<\/a>\n\t\t<\/span><span class=\"aioseo-breadcrumb-separator\">&raquo;<\/span><span class=\"aioseo-breadcrumb\">\n\t\t\t<a href=\"https:\/\/empiricus.eu\/category\/leadership-und-fuehrung\/\" title=\"Leadership und F\u00fchrung\">Leadership und F\u00fchrung<\/a>\n\t\t<\/span><span class=\"aioseo-breadcrumb-separator\">&raquo;<\/span><span class=\"aioseo-breadcrumb\">\n\t\t\tBuch: Leadership-Kompetenz \u2013 Selbstregulation\n\t\t<\/span><\/div>","aioseo_breadcrumb_json":[{"label":"Home","link":"https:\/\/empiricus.eu\/en\/"},{"label":"Leadership und F\u00fchrung","link":"https:\/\/empiricus.eu\/category\/leadership-und-fuehrung\/"},{"label":"Buch: Leadership-Kompetenz &#8211; Selbstregulation","link":"https:\/\/empiricus.eu\/en\/buch-en\/"}],"_links":{"self":[{"href":"https:\/\/empiricus.eu\/en\/wp-json\/wp\/v2\/posts\/8452","targetHints":{"allow":["GET"]}}],"collection":[{"href":"https:\/\/empiricus.eu\/en\/wp-json\/wp\/v2\/posts"}],"about":[{"href":"https:\/\/empiricus.eu\/en\/wp-json\/wp\/v2\/types\/post"}],"author":[{"embeddable":true,"href":"https:\/\/empiricus.eu\/en\/wp-json\/wp\/v2\/users\/1"}],"replies":[{"embeddable":true,"href":"https:\/\/empiricus.eu\/en\/wp-json\/wp\/v2\/comments?post=8452"}],"version-history":[{"count":0,"href":"https:\/\/empiricus.eu\/en\/wp-json\/wp\/v2\/posts\/8452\/revisions"}],"wp:featuredmedia":[{"embeddable":true,"href":"https:\/\/empiricus.eu\/en\/wp-json\/wp\/v2\/media\/5815"}],"wp:attachment":[{"href":"https:\/\/empiricus.eu\/en\/wp-json\/wp\/v2\/media?parent=8452"}],"wp:term":[{"taxonomy":"category","embeddable":true,"href":"https:\/\/empiricus.eu\/en\/wp-json\/wp\/v2\/categories?post=8452"},{"taxonomy":"post_tag","embeddable":true,"href":"https:\/\/empiricus.eu\/en\/wp-json\/wp\/v2\/tags?post=8452"}],"curies":[{"name":"wp","href":"https:\/\/api.w.org\/{rel}","templated":true}]}}