{"id":8431,"date":"2026-05-30T09:27:50","date_gmt":"2026-05-30T09:27:50","guid":{"rendered":"https:\/\/dev.empiricus.eu\/alter-vor-genz-warum-sie-auch-an-best-ager-denken-muessen-en\/"},"modified":"2026-05-30T09:27:50","modified_gmt":"2026-05-30T09:27:50","slug":"alter-vor-genz-warum-sie-auch-an-best-ager-denken-muessen-en","status":"publish","type":"post","link":"https:\/\/empiricus.eu\/en\/alter-vor-genz-warum-sie-auch-an-best-ager-denken-muessen-en\/","title":{"rendered":"Alter vor GenZ: Warum Sie auch an Best Ager denken m\u00fcssen"},"content":{"rendered":"<p><strong>Durch den demografischen Wandel steigt die Zahl \u00e4lterer Besch\u00e4ftigter. Im letzten Beitrag haben wir deren Erwartungen und W\u00fcnsche vorgestellt. Lesen Sie nun unsere zugeh\u00f6rigen Praxistipps!<\/strong><\/p>\n<p>Bye, bye GenZ, welcome Boomer! Im <a title=\"Zum Artikel\" href=\"https:\/\/www.arbeitsagentur.de\/faktor-a\/mitarbeiter-finden\/best-ager-gegen-fachkraeftemangel\" target=\"_blank\" rel=\"noopener\" data-analytics-track=\"true\" data-analytics-action=\"klick\" data-analytics-value=\" \" data-analytics-name=\"https:\/\/www.arbeitsagentur.de\/faktor-a\/mitarbeiter-finden\/best-ager-gegen-fachkraeftemangel \" data-analytics-category=\"link\">letzten Faktor A-Beitrag zum Thema &#8220;Best Ager am Arbeitsmarkt&#8221;<\/a> haben wir gezeigt, warum die Alten im Kommen sind und den Arbeitsmarkt der Zukunft mitbestimmen werden. Wir haben gezeigt, wie und warum sich der demografische Wandel immer deutlicher in den Belegschaften deutscher Unternehmen abzeichnet. Ebenso, dass Arbeitgeber nicht nur auf die j\u00fcngeren Generationen Y und Z schauen, sondern auch die Erwartungen und Bed\u00fcrfnisse der <a title=\"Zum Artikel\" href=\"https:\/\/www.arbeitsagentur.de\/faktor-a\/mitarbeiter-finden\/im-neuen-job-mit-50-plus\" target=\"_blank\" rel=\"noopener\" data-analytics-track=\"true\" data-analytics-action=\"klick\" data-analytics-value=\" \" data-analytics-name=\"https:\/\/www.arbeitsagentur.de\/faktor-a\/mitarbeiter-finden\/im-neuen-job-mit-50-plus\" data-analytics-category=\"link\">Generation 50plus<\/a> kennen und ber\u00fccksichtigen sollten. Obwohl viele Betriebe bereits darauf achten, junge Talente anzulocken und ihnen attraktive Karriereperspektiven zu verschaffen, bleiben Ma\u00dfnahmen zum Erhalt \u00e4lterer Mitarbeitender (noch zu) h\u00e4ufig auf der Strecke. Also h\u00f6chste Zeit zum Handeln!<\/p>\n<h2>15 Tipps f\u00fcr Arbeitgeber, mit denen Sie Ihre Besch\u00e4ftigten fit f\u00fcrs Alter machen<\/h2>\n<p>Sie wollen wissen, wie Sie Ihr Unternehmen demografiefester machen k\u00f6nnen? Dazu haben wir f\u00fcr Sie eine kleine Frischzellenkur zum Thema \u201eBest Ager\u201c zusammengestellt. Im Folgenden finden Sie kompakte Tipps aus den Bereichen <strong>Kultur und F\u00fchrung<\/strong>, <strong>Flexibilit\u00e4t<\/strong>, <strong>Weiterbildung <\/strong>und <strong>Gesundheit<\/strong>, mit denen Sie Best Ager (und die, die es noch werden) bestm\u00f6glich ansprechen, motivieren und binden.<\/p>\n<h3>Ein Hoch auf die generationengerechte Kultur und F\u00fchrung<\/h3>\n<p>Betriebe, die den demografischen Wandel gut bew\u00e4ltigen wollen, stellen das Wohlbefinden und die Gesundheit ihrer Mitarbeitenden auf die gleiche Stufe wie den wirtschaftlichen Erfolg oder die Zufriedenheit ihrer Kundschaft. <strong>Moderne F\u00fchrungsstrukturen<\/strong> und eine <strong>demografiefeste Personalpolitik<\/strong> bilden hier die Basis.<\/p>\n<h4><strong>Tipp 1: Wertsch\u00e4tzung und Kommunikation<\/strong><\/h4>\n<p>Alter ist kein Makel und bringt durchaus wertvolle Kompetenzen mit sich. F\u00fchrungskr\u00e4fte, die dem eigenen Alterungsprozess gelassen entgegensehen, treten gegen\u00fcber \u00e4lteren Mitarbeitenden offen auf und erkennen deren Potenzial besser. Eine vertrauensvolle Kommunikation erm\u00f6glicht hier den Zugang zu \u00c4lteren und hilft, Probleme oder \u00dcberforderungen schnell offenzulegen. Speziell bei der Einf\u00fchrung von Ma\u00dfnahmen zur Bindung \u00e4lterer Besch\u00e4ftigter sollten Sie stets auch die J\u00fcngeren mit einbeziehen. Denn Akzeptanz wird erst dann geschaffen, wenn f\u00fcr alle ein klarer Nutzen vorhanden ist und sich alle aktiv beteiligen k\u00f6nnen. Sonst erscheinen Angebote schnell unfair oder diskriminierend. Zudem m\u00fcssen Best Ager die Option erhalten, ihre Erfahrung und ihr Wissen einflie\u00dfen zu lassen. So entsteht bestenfalls ein Generationenzusammenhalt, von dem beide Seiten und Ihr Betrieb nur profitieren k\u00f6nnen.<\/p>\n<h4><strong>Tipp 2: Zusammenarbeit<\/strong><\/h4>\n<p>Flache Hierarchien, bei denen sich Vorgesetzte in die einzelnen Teams einbringen, erlauben eine bessere Beurteilung der St\u00e4rken und Schw\u00e4chen der einzelnen Mitarbeitenden. Oberstes Gebot f\u00fcr <a title=\"Zum Artikel\" href=\"https:\/\/www.arbeitsagentur.de\/faktor-a\/zukunft-der-arbeit\/alt-jung-erfolg-personalentwicklung-altersstruktur\" data-analytics-track=\"true\" data-analytics-action=\"klick\" data-analytics-value=\" \" data-analytics-name=\"https:\/\/www.arbeitsagentur.de\/faktor-a\/zukunft-der-arbeit\/alt-jung-erfolg-personalentwicklung-altersstruktur\" data-analytics-category=\"link\" target=\"_blank\" rel=\"noopener\">Jung und Alt im Betrieb<\/a> sollte auch die gegenseitige Toleranz, F\u00fcrsorge und der Respekt f\u00fcreinander sein. Die Alten lernen etwa von den IT-affinen Jungen, diese umgekehrt von ihnen den Umgang mit Kundschaft und Kollegenkreis. Intergenerative Team- und Projektstrukturen f\u00f6rdern hier die interdisziplin\u00e4re und abteilungs\u00fcbergreifende Zusammenarbeit zwischen Alt und Jung.<\/p>\n<h4><strong>Tipp 3: Altersgerechte Arbeitsplanung und F\u00f6rderung<\/strong><\/h4>\n<p>\u00c4ltere Mitarbeitende ben\u00f6tigen zum Teil Ver\u00e4nderungen in ihrem Aufgabenbereich, um weiter produktiv zu sein. F\u00fchrungskr\u00e4fte m\u00fcssen die Entwicklungen erkennen und f\u00e4hig sein, auch die zuk\u00fcnftigen Arbeits- und Einsatzm\u00f6glichkeiten abzusch\u00e4tzen und im Voraus zu planen. Genauso sollten F\u00fchrungskr\u00e4fte die Besch\u00e4ftigten entsprechend ihrer Talente und Leistungsf\u00e4higkeit altersgerecht f\u00f6rdern und \u00fcber die Generationen hinaus fordern.<\/p>\n<h4><strong>Tipp 4: Diverse Recruiting-Strategie<\/strong><\/h4>\n<p>Personalverantwortliche haben oftmals eher die Jungen im Blick. Machen Sie sich die hohe Bereitschaft zum <a title=\"Zum Artikel\" href=\"https:\/\/www.arbeitsagentur.de\/faktor-a\/arbeitswelt-gestalten\/top-jobtrends#job-hopping\" data-analytics-track=\"true\" data-analytics-action=\"klick\" data-analytics-value=\" \" data-analytics-name=\"https:\/\/www.arbeitsagentur.de\/faktor-a\/arbeitswelt-gestalten\/top-jobtrends#job-hopping\" data-analytics-category=\"link\" target=\"_blank\" rel=\"noopener\">Jobhopping<\/a> der Generation \u00dc50 zunutze! Lassen Sie kein Kandidaten-Potenzial links liegen, sondern r\u00fccken Sie gezielt auch \u00c4ltere in den Fokus Ihrer Rekrutierungsma\u00dfnahmen.<\/p>\n<h4><strong>Tipp 5: Altersstruktur- und Qualifikationsbedarfsanalyse<\/strong><\/h4>\n<p>Als Arbeitgeber sollten Sie Ihren Personalstamm regelm\u00e4\u00dfig einer Analyse unterziehen. So erfahren Sie, wie er sich in der Zukunft entwickelt und wann in welchen Abteilungen Mitarbeitende in Rente gehen. Sie erkennen besser, welche Qualifikationen vorhanden sind und k\u00fcnftig im Betrieb ben\u00f6tigt werden. Genauso finden Sie heraus, welche Qualifikationen Sie inhouse mit dem eigenen Mitarbeitenden-Potenzial entwickeln k\u00f6nnen und m\u00fcssen.<\/p>\n<h3>Ein Hoch auf das Lernen<\/h3>\n<p>Leider kommt die Fort- und Weiterbildung \u00e4lterer Arbeitnehmender laut <a title=\"Zur Studie\" href=\"https:\/\/www.manpowergroup.de\/de\/insights\/studien-und-research\/studien\/2023\/10\/12\/10\/14\/silver-workforce-studie-2023\" target=\"_blank\" rel=\"noopener\" data-analytics-track=\"true\" data-analytics-action=\"klick\" data-analytics-value=\" \" data-analytics-name=\"https:\/\/www.manpowergroup.de\/de\/insights\/studien-und-research\/studien\/2023\/10\/12\/10\/14\/silver-workforce-studie-2023 \" data-analytics-category=\"link\">Silver-Workforce-Studie<\/a>bisher viel zu kurz. Je weniger das Alter dabei thematisiert wird, desto zielf\u00fchrender. Denn nur selten ist es sinnvoll, Angebote nicht an alle, sondern nur an \u00c4ltere zu richten. Das kann bei Tablet-Schulungen oder bei Weiterbildungen mit schwerer k\u00f6rperlicher Arbeit zutreffen. Vielmehr sollte <strong>lebenslanges Lernen<\/strong> fester Bestandteil Ihrer Unternehmenskultur sein.<\/p>\n<h4><strong>Tipp 6: Re- und Upskilling<\/strong><\/h4>\n<p>Schaffen Sie altersgerechte Angebote, die es Best Agern erm\u00f6glichen, ihre Kenntnisse kontinuierlich aufzufrischen und sich weiterzuentwickeln. Bei neuen T\u00e4tigkeiten und Arbeitsmitteln sollten sie eine ausreichende Einweisung, Einarbeitung und\/oder Fortbildung erhalten. So reduzieren Sie Belastungen und f\u00f6rdern das Commitment.<\/p>\n<h4><strong>Tipp 7: Job Enlargement, Job Enrichment und Job Rotation<\/strong><\/h4>\n<p>Entwicklungs- und Aufstiegsperspektiven tragen dazu bei, dass sich \u00c4ltere weiter engagieren und stetig weiterbilden. Karriere-upleveln muss auch im Alter selbstverst\u00e4ndlich sein! Ein Ansatz: die Erweiterung der Aufgaben mit gleichem oder h\u00f6herem Anforderungsniveau. Oder schaffen Sie Abwechslung! Das geht mit Instrumenten wie dem Wechsel zwischen verschiedenen Arbeitspl\u00e4tzen. So k\u00f6nnen \u00e4ltere Besch\u00e4ftigte nicht nur potenzielle altersgerechte Alternativen bestimmen, sondern bleiben fitter und erf\u00fcllter.<\/p>\n<h4><strong>Tipp 8: Betriebsinterne Praktika bis Neuorientierung<\/strong><\/h4>\n<p>Auch dar\u00fcber l\u00e4sst sich prima herausfinden, ob im Alter eventuell andere interne T\u00e4tigkeiten in anderen Arbeitsbereichen infragekommen.\u00a0 Wenn die Gesundheit nicht mehr mitspielt, bieten sich Umschulungen oder Umsetzungen auf andere Stellen im Betrieb mit weniger oder gar keinen k\u00f6rperlich anstrengenden T\u00e4tigkeiten an.<\/p>\n<h4><strong>Tipp 9: Coaching-, Mentoring-, Paten- und Tandemsysteme<\/strong><\/h4>\n<p>\u00dcber fr\u00fchzeitige Programme k\u00f6nnen Sie den Wissenstransfer zwischen \u00e4lteren und j\u00fcngeren Besch\u00e4ftigten f\u00f6rdern. \u00dcber Alumni-Netzwerke lassen sich \u00c4ltere bei Bedarf f\u00fcr einen tempor\u00e4ren Wiedereinstieg gezielt ansprechen und gewinnen.<\/p>\n<h4><strong>Tipp 10: Benefits<\/strong><\/h4>\n<p>Auch Best Ager fragen sich, was sie konkret von einer sp\u00e4ten Weiterbildung haben. Ein h\u00f6heres Gehalt, Zusatzleistungen, mehr Durchblick bei internen Vorg\u00e4ngen oder die Aussicht auf neue interessante Projekte k\u00f6nnen hier bei der Motivationsfindung ebenso helfen wie die \u00dcbernahme der Kosten f\u00fcr die Weiterbildung.<\/p>\n<h3>Ein Hoch auf die Flexibilit\u00e4t<\/h3>\n<p>Das Klischee, dass \u00e4ltere Besch\u00e4ftigte unflexibel sind, ist so nicht haltbar. Als Arbeitgeber sollten Sie hier unbedingt die passenden Rahmenbedingen auch f\u00fcrs Alter schaffen.<\/p>\n<h4><strong>Tipp 11: Flexible Arbeitszeiten und -orte<\/strong><\/h4>\n<p>Auch im h\u00f6heren Alter bleibt Flexibilit\u00e4t wichtig. Das gilt zugleich f\u00fcr Remote Work, Homeoffice und hybrides Arbeiten. Denn auch als Oma oder Opa stellt sich die Frage nach der Vereinbarkeit von Familie und Beruf, wie der Pflege Angeh\u00f6riger oder Betreuung der Enkelkinder. Mehr Zeit f\u00fcr die Familie bei einem gesicherten Einkommen kann die Motivation \u00e4lterer Besch\u00e4ftigter erh\u00f6hen, Ihrem Betrieb l\u00e4nger treu zu bleiben. Denkbar sind auch Teilzeitstellen bis hin zu ganz flexiblen L\u00f6sungen.<\/p>\n<h4><strong>Tipp 12: Individuelle Freir\u00e4ume<\/strong><\/h4>\n<p>\u00c4ltere sollten Schichtarbeit reduzieren oder davon ausgenommen werden. Geben Sie Ihnen die Freiheit, die Arbeitsbelastung und das Aufgabenspektrum an ihre individuellen Bed\u00fcrfnisse anzupassen. So vermeiden Sie \u00dcberlastung und Unzufriedenheit. F\u00fcr Menschen in k\u00f6rperlich anspruchsvollen Berufen und mit gesundheitlichen Einschr\u00e4nkungen sollten passgenaue L\u00f6sungen gesucht werden. Aufgaben mit Wahl- und Entscheidungsoptionen bieten weiteres Potenzial, wie bei der aktiven Mitgestaltung von Dienstpl\u00e4nen oder aktiven Pausen. Bestenfalls sollten flexible Pausenregelungen her, mit denen \u00c4ltere lange und gesund fahren. Individuelle und Gruppencoachings k\u00f6nnen dabei helfen, das pers\u00f6nliche Zeit- und Zielmanagement gesundheitsschonend zu steuern. Das kann langfristig psychische Belastungen reduzieren, die im Alter zunehmen.<\/p>\n<h3>Ein Hoch auf die Gesundheit<\/h3>\n<p>Dass die Generation 50plus lange fit bleibt und l\u00e4nger arbeitet \u2013 das geht nur, wenn die Gesundheit im Alter mitmacht. Die L\u00f6sung: Betriebliche Gesundheitsf\u00f6rderung \u2013 und das f\u00fcr alle so fr\u00fch wie m\u00f6glich! Denn die Arbeitsgestaltung hat enormen Einfluss auf die k\u00f6rperliche und geistige Gesundheit. Beschwerden am Bewegungsapparat (wie R\u00fcckenschmerzen) und psychische Probleme (wie Burn-out) z\u00e4hlen zu den h\u00e4ufigsten Ursachen f\u00fcr eine Arbeitsunf\u00e4higkeit. F\u00fcr eine lange Besch\u00e4ftigungsf\u00e4higkeit braucht es daher <strong>pr\u00e4ventive Ma\u00dfnahmen<\/strong> und eine <strong>umfassende individuelle Analyse<\/strong>.<\/p>\n<h4><strong>Tipp 13: Arbeitsplatzanalysen und Befragungen<\/strong><\/h4>\n<p>\u00dcberforderung wie Unterforderung sind gesundheitlich belastend. F\u00fchren Sie deshalb regelm\u00e4\u00dfige Befragungen und Arbeitsplatzanalysen durch, um etwaige Belastungen zu ermitteln und zu reduzieren. Pr\u00fcfen Sie zudem die Erwerbsbiografien Ihrer Besch\u00e4ftigten fr\u00fchzeitig auf besondere Belastungen hin, um altersbedingten Leistungseinbu\u00dfen vorzubeugen. Der Arbeitsf\u00e4higkeitsindex zeigt Ihnen, wie jemand pers\u00f6nlich seine aktuelle und zuk\u00fcnftige Arbeitsf\u00e4higkeit einsch\u00e4tzt, inklusive Leistungsgrenzen, Leistungsreserven und individueller Belastbarkeit. Als Arbeitgeber k\u00f6nnen Sie damit die Arbeitsf\u00e4higkeit gezielt unterst\u00fctzen, optimieren und besser auf die individuellen St\u00e4rken und Schw\u00e4chen eingehen.<\/p>\n<h4><strong>Tipp 14: Gesundheitsprogramme und\u00a0Rehabilitation<\/strong><\/h4>\n<p>Um Ihre Belegschaft zu einem gesunden Arbeits- und Lebensstil zu bewegen, sollten Sie am individuellen Verhalten ansetzen. Sensibilisieren Sie \u00fcber Schulungen, Unterweisungen, Fitnesskurse, Gesundheitsworkshops oder Gruppenarbeiten. Etablieren Sie ein <a title=\"Zum Artikel\" href=\"https:\/\/www.arbeitsagentur.de\/faktor-a\/arbeitswelt-gestalten\/gesundheitsmassnahmen-mittelstand-wie-man-mitarbeiter-fit-haelt\" target=\"_blank\" rel=\"noopener\" data-analytics-track=\"true\" data-analytics-action=\"klick\" data-analytics-value=\" \" data-analytics-name=\"https:\/\/www.arbeitsagentur.de\/faktor-a\/arbeitswelt-gestalten\/gesundheitsmassnahmen-mittelstand-wie-man-mitarbeiter-fit-haelt\" data-analytics-category=\"link\">betriebliches Gesundheitsmanagement<\/a>, das eine regelm\u00e4\u00dfige Bewegung, gesunde Ern\u00e4hrung samt Stressmanagement f\u00f6rdert. Sinnvoll sind auch Ma\u00dfnahmen zur Entspannung und Suchtpr\u00e4vention. Regelm\u00e4\u00dfige Check-ups \u00fcber einen \u00c4rztlichen Dienst und betriebliche Sportangebote tragen weiter zur Stressreduktion bei, da sie Platz f\u00fcr andere Verpflichtungen und Hobbies in der Freizeit schaffen. Sofern Ihre \u00e4lteren Besch\u00e4ftigten \u00fcber Smartphones oder PC verf\u00fcgen, k\u00f6nnen Sie erg\u00e4nzend digitale L\u00f6sungen bereitstellen.<\/p>\n<p>Sind gesundheitliche Beeintr\u00e4chtigungen einmal da, m\u00fcssen Rehabilitationsbedarfe fr\u00fchestm\u00f6glich erkannt werden. Nur so kann einer Erwerbsminderung oder Fr\u00fchverrentung entgegengewirkt werden. Ein Wiedereinstieg gelingt n\u00e4mlich aktuell nur bei 12 Prozent, oft nur in Minijobs. Verweisen Sie Betroffene fr\u00fchzeitig auf Beratungs- und F\u00f6rderangebote, wie das der Bundesagentur f\u00fcr Arbeit, und nehmen Sie Kontakt zu unserem <a title=\"Zur Seite\" href=\"https:\/\/www.arbeitsagentur.de\/unternehmen\/arbeitgeber-service\" target=\"_blank\" rel=\"noopener\" data-analytics-track=\"true\" data-analytics-action=\"klick\" data-analytics-value=\" \" data-analytics-name=\"https:\/\/www.arbeitsagentur.de\/unternehmen\/arbeitgeber-service\" data-analytics-category=\"link\">Arbeitgeber-Service<\/a> auf, um gesundheitlich beeintr\u00e4chtigte Personen (weiter) zu besch\u00e4ftigen: \u00fcber Zusch\u00fcsse f\u00fcr technische Arbeitshilfen, f\u00fcr Umschulung, Aus- und Weiterbildung und technische Anpassungen am Arbeitsplatz. Weiter gibt es F\u00f6rderungen f\u00fcr Langzeitarbeitslose und Eingliederungszusch\u00fcsse.<\/p>\n<h4><strong>Tipp 15: Ideale Arbeitsbedingungen<\/strong><\/h4>\n<p>Schon kleine \u00c4nderungen erhalten und steigern die <strong>Leistungsf\u00e4higkeit <\/strong>und das <strong>Wohlbefinden<\/strong> Ihrer \u00e4lteren Besch\u00e4ftigten.<\/p>\n<p><strong>Ergonomie: <\/strong><a title=\"Zum Artikel\" href=\"https:\/\/www.arbeitsagentur.de\/faktor-a\/arbeitswelt-gestalten\/gesundheitskiller-viel-sitzen\" target=\"_blank\" rel=\"noopener\" data-analytics-track=\"true\" data-analytics-action=\"klick\" data-analytics-value=\" \" data-analytics-name=\"https:\/\/www.arbeitsagentur.de\/faktor-a\/arbeitswelt-gestalten\/gesundheitskiller-viel-sitzen\" data-analytics-category=\"link\">Viel Sitzen<\/a> oder \u00dcberlastung in k\u00f6rperlich anstrengenden Berufen, r\u00e4chen sich fr\u00fcher oder sp\u00e4ter: Beugen Sie vor, indem Sie den Arbeitsplatz so ergonomisch wie m\u00f6glich einrichten. Dazu geh\u00f6rt u.a. die richtige Sitzh\u00f6he, aber auch die M\u00f6glichkeit zur regelm\u00e4\u00dfigen Bewegung. Ein h\u00f6henverstellbarer Schreibtisch f\u00fcr das Arbeiten im Stehen, aktive Pausen oder Besprechungen im Stehen bieten sich ebenso an.<\/p>\n<p><strong>Licht:<\/strong> Eine st\u00e4rkere Beleuchtung und eine blendfreie und schattenarme Ausleuchtung des Arbeitsplatzes verbessern die Sicht \u00e4lterer Arbeitnehmender.<\/p>\n<p><strong>Raumklima:<\/strong> Eine eher warme, Arbeitsumgebung mit einer angemessen hohen Luftfeuchtigkeit verbessert das Wohlbefinden und die Arbeitsleistung.<\/p>\n<p><strong>L\u00e4rm:<\/strong> L\u00e4rm belastet uns alle. J\u00fcngere k\u00f6nnen das h\u00e4ufig nur besser kompensieren. Von einer ruhigen Umgebung profitiert jedoch die gesamte Belegschaft.<br \/><strong>Gef\u00e4hrdungs- und Belastungsbeurteilung:<\/strong> Um Gefahrenquellen und ung\u00fcnstige Belastungen f\u00fcr alterstypische Beschwerden sicher zu identifizieren, ist diese unentbehrlich.<\/p>\n<h3><strong>Fazit<\/strong><\/h3>\n<p>Trotz \u00dcberalterung sind \u00e4ltere Arbeitnehmende eine wertvolle Ressource. Es liegt an Ihnen, das Potenzial zu erkennen, zu f\u00f6rdern und auszusch\u00f6pfen, indem Sie ein inklusives wie nachhaltiges Arbeitsumfeld schaffen. Ein Generationen-Management, bei dem die Schw\u00e4chen \u00c4lterer ausgeglichen und ihre Qualit\u00e4ten voll zum Tragen kommen, ist das Gebot der Stunde.\u00a0Stellen Sie daher noch heute die Weichen f\u00fcr morgen.<\/p>\n<p>Denn, wer hier schl\u00e4ft, l\u00e4uft Gefahr, bald selbst alt auszusehen!<\/p>\n<p><strong><em>Zur Autorin<\/em><\/strong><\/p>\n<p><em><strong style=\"font-weight: 400;\"><a href=\"https:\/\/www.linkedin.com\/in\/katja-feuerstein-bab745261\/\" target=\"_blank\" rel=\"noopener\">Katrin Feuerstein<\/a> &#8211; Referentin f\u00fcr Presse- und \u00d6ffentlichkeitsarbeit bei Institut f\u00fcr Arbeitsmarkt- und Berufsforschung (IAB)<\/strong><\/em><\/p>\n<p><strong style=\"font-weight: 400;\">Quelle: <a href=\"https:\/\/www.arbeitsagentur.de\/faktor-a\/arbeitswelt-gestalten\/bestager-gewinnen-binden-gesundhalten?mtm_campaign=reg2024&amp;mtm_source=newsletter&amp;mtm_medium=email&amp;mtm_content=10_arbeitswelt-gestalten_aeltere-mitarbeitende_artikel&amp;mtm_group=faktora\" target=\"_blank\" rel=\"noopener\">Faktor A &#8211; Das Arbeitgebermagazin<\/a><\/strong><\/p>\n","protected":false},"excerpt":{"rendered":"<p>Durch den demografischen Wandel steigt die Zahl \u00e4lterer Besch\u00e4ftigter. Im letzten Beitrag haben wir deren Erwartungen und W\u00fcnsche vorgestellt. Lesen [&hellip;]<\/p>\n","protected":false},"author":1,"featured_media":5739,"comment_status":"open","ping_status":"open","sticky":false,"template":"","format":"standard","meta":{"_monsterinsights_skip_tracking":false,"_uf_show_specific_survey":0,"_uf_disable_surveys":false,"site-sidebar-layout":"default","site-content-layout":"","ast-site-content-layout":"default","site-content-style":"default","site-sidebar-style":"default","ast-global-header-display":"","ast-banner-title-visibility":"","ast-main-header-display":"","ast-hfb-above-header-display":"","ast-hfb-below-header-display":"","ast-hfb-mobile-header-display":"","site-post-title":"","ast-breadcrumbs-content":"","ast-featured-img":"","footer-sml-layout":"","ast-disable-related-posts":"","theme-transparent-header-meta":"","adv-header-id-meta":"","stick-header-meta":"","header-above-stick-meta":"","header-main-stick-meta":"","header-below-stick-meta":"","astra-migrate-meta-layouts":"default","ast-page-background-enabled":"default","ast-page-background-meta":{"desktop":{"background-color":"var(--ast-global-color-5)","background-image":"","background-repeat":"repeat","background-position":"center center","background-size":"auto","background-attachment":"scroll","background-type":"","background-media":"","overlay-type":"","overlay-color":"","overlay-opacity":"","overlay-gradient":""},"tablet":{"background-color":"","background-image":"","background-repeat":"repeat","background-position":"center center","background-size":"auto","background-attachment":"scroll","background-type":"","background-media":"","overlay-type":"","overlay-color":"","overlay-opacity":"","overlay-gradient":""},"mobile":{"background-color":"","background-image":"","background-repeat":"repeat","background-position":"center center","background-size":"auto","background-attachment":"scroll","background-type":"","background-media":"","overlay-type":"","overlay-color":"","overlay-opacity":"","overlay-gradient":""}},"ast-content-background-meta":{"desktop":{"background-color":"var(--ast-global-color-4)","background-image":"","background-repeat":"repeat","background-position":"center center","background-size":"auto","background-attachment":"scroll","background-type":"","background-media":"","overlay-type":"","overlay-color":"","overlay-opacity":"","overlay-gradient":""},"tablet":{"background-color":"var(--ast-global-color-4)","background-image":"","background-repeat":"repeat","background-position":"center center","background-size":"auto","background-attachment":"scroll","background-type":"","background-media":"","overlay-type":"","overlay-color":"","overlay-opacity":"","overlay-gradient":""},"mobile":{"background-color":"var(--ast-global-color-4)","background-image":"","background-repeat":"repeat","background-position":"center center","background-size":"auto","background-attachment":"scroll","background-type":"","background-media":"","overlay-type":"","overlay-color":"","overlay-opacity":"","overlay-gradient":""}},"footnotes":""},"categories":[1],"tags":[108],"class_list":["post-8431","post","type-post","status-publish","format-standard","has-post-thumbnail","hentry","category-unkategorisiert","tag-babyboomer-best-ager-generation-50plus-generationenmanagement"],"aioseo_notices":[],"aioseo_head":"\n\t\t<!-- All in One SEO 5.0.0.1 - aioseo.com -->\n\t<meta name=\"description\" content=\"Durch den demografischen Wandel steigt die Zahl \u00e4lterer Besch\u00e4ftigter. Im letzten Beitrag haben wir deren Erwartungen und W\u00fcnsche vorgestellt. Lesen Sie nun unsere zugeh\u00f6rigen Praxistipps! Bye, bye GenZ, welcome Boomer! Im letzten Faktor A-Beitrag zum Thema &quot;Best Ager am Arbeitsmarkt&quot; haben wir gezeigt, warum die Alten im Kommen sind und den Arbeitsmarkt der Zukunft mitbestimmen\" \/>\n\t<meta name=\"robots\" content=\"max-image-preview:large\" \/>\n\t<meta name=\"author\" content=\"adminempiricus\"\/>\n\t<link rel=\"canonical\" href=\"https:\/\/empiricus.eu\/en\/alter-vor-genz-warum-sie-auch-an-best-ager-denken-muessen-en\/\" \/>\n\t<meta name=\"generator\" content=\"All in One SEO (AIOSEO) 5.0.0.1\" \/>\n\t\t<meta property=\"og:locale\" content=\"en_US\" \/>\n\t\t<meta property=\"og:site_name\" content=\"IT Recruiting and Executive Advisory | empiricus GmbH -\" \/>\n\t\t<meta property=\"og:type\" content=\"article\" \/>\n\t\t<meta property=\"og:title\" content=\"Alter vor GenZ: Warum Sie auch an Best Ager denken m\u00fcssen - IT Recruiting and Executive Advisory | empiricus GmbH\" \/>\n\t\t<meta property=\"og:description\" content=\"Durch den demografischen Wandel steigt die Zahl \u00e4lterer Besch\u00e4ftigter. Im letzten Beitrag haben wir deren Erwartungen und W\u00fcnsche vorgestellt. Lesen Sie nun unsere zugeh\u00f6rigen Praxistipps! Bye, bye GenZ, welcome Boomer! Im letzten Faktor A-Beitrag zum Thema &quot;Best Ager am Arbeitsmarkt&quot; haben wir gezeigt, warum die Alten im Kommen sind und den Arbeitsmarkt der Zukunft mitbestimmen\" \/>\n\t\t<meta property=\"og:url\" content=\"https:\/\/empiricus.eu\/en\/alter-vor-genz-warum-sie-auch-an-best-ager-denken-muessen-en\/\" \/>\n\t\t<meta property=\"article:published_time\" content=\"2026-05-30T09:27:50+00:00\" \/>\n\t\t<meta property=\"article:modified_time\" content=\"2026-05-30T09:27:50+00:00\" \/>\n\t\t<meta name=\"twitter:card\" content=\"summary_large_image\" \/>\n\t\t<meta name=\"twitter:title\" content=\"Alter vor GenZ: Warum Sie auch an Best Ager denken m\u00fcssen - IT Recruiting and Executive Advisory | empiricus GmbH\" \/>\n\t\t<meta name=\"twitter:description\" content=\"Durch den demografischen Wandel steigt die Zahl \u00e4lterer Besch\u00e4ftigter. Im letzten Beitrag haben wir deren Erwartungen und W\u00fcnsche vorgestellt. Lesen Sie nun unsere zugeh\u00f6rigen Praxistipps! Bye, bye GenZ, welcome Boomer! Im letzten Faktor A-Beitrag zum Thema &quot;Best Ager am Arbeitsmarkt&quot; haben wir gezeigt, warum die Alten im Kommen sind und den Arbeitsmarkt der Zukunft mitbestimmen\" \/>\n\t\t<script type=\"application\/ld+json\" class=\"aioseo-schema\">\n\t\t\t{\"@context\":\"https:\\\/\\\/schema.org\",\"@graph\":[{\"@type\":\"BlogPosting\",\"@id\":\"https:\\\/\\\/empiricus.eu\\\/en\\\/alter-vor-genz-warum-sie-auch-an-best-ager-denken-muessen-en\\\/#blogposting\",\"name\":\"Alter vor GenZ: Warum Sie auch an Best Ager denken m\\u00fcssen - IT Recruiting and Executive Advisory | empiricus GmbH\",\"headline\":\"Alter vor GenZ: Warum Sie auch an Best Ager denken m\\u00fcssen\",\"author\":{\"@id\":\"https:\\\/\\\/empiricus.eu\\\/en\\\/author\\\/adminempiricus\\\/#author\"},\"publisher\":{\"@id\":\"https:\\\/\\\/empiricus.eu\\\/en\\\/#organization\"},\"image\":{\"@type\":\"ImageObject\",\"url\":\"https:\\\/\\\/empiricus.eu\\\/wp-content\\\/uploads\\\/2026\\\/05\\\/blog_8.jpg\",\"width\":300,\"height\":293},\"datePublished\":\"2026-05-30T09:27:50+02:00\",\"dateModified\":\"2026-05-30T09:27:50+02:00\",\"inLanguage\":\"en-US\",\"mainEntityOfPage\":{\"@id\":\"https:\\\/\\\/empiricus.eu\\\/en\\\/alter-vor-genz-warum-sie-auch-an-best-ager-denken-muessen-en\\\/#webpage\"},\"isPartOf\":{\"@id\":\"https:\\\/\\\/empiricus.eu\\\/en\\\/alter-vor-genz-warum-sie-auch-an-best-ager-denken-muessen-en\\\/#webpage\"},\"articleSection\":\"Unkategorisiert, Babyboomer Best Ager Generation 50plus Generationenmanagement, Optional, Optional\"},{\"@type\":\"BreadcrumbList\",\"@id\":\"https:\\\/\\\/empiricus.eu\\\/en\\\/alter-vor-genz-warum-sie-auch-an-best-ager-denken-muessen-en\\\/#breadcrumblist\",\"itemListElement\":[{\"@type\":\"ListItem\",\"@id\":\"https:\\\/\\\/empiricus.eu\\\/en\\\/#listItem\",\"position\":1,\"name\":\"Home\",\"item\":\"https:\\\/\\\/empiricus.eu\\\/en\\\/\",\"nextItem\":{\"@type\":\"ListItem\",\"@id\":\"https:\\\/\\\/empiricus.eu\\\/category\\\/unkategorisiert\\\/#listItem\",\"name\":\"Unkategorisiert\"}},{\"@type\":\"ListItem\",\"@id\":\"https:\\\/\\\/empiricus.eu\\\/category\\\/unkategorisiert\\\/#listItem\",\"position\":2,\"name\":\"Unkategorisiert\",\"item\":\"https:\\\/\\\/empiricus.eu\\\/category\\\/unkategorisiert\\\/\",\"nextItem\":{\"@type\":\"ListItem\",\"@id\":\"https:\\\/\\\/empiricus.eu\\\/en\\\/alter-vor-genz-warum-sie-auch-an-best-ager-denken-muessen-en\\\/#listItem\",\"name\":\"Alter vor GenZ: Warum Sie auch an Best Ager denken m\\u00fcssen\"},\"previousItem\":{\"@type\":\"ListItem\",\"@id\":\"https:\\\/\\\/empiricus.eu\\\/en\\\/#listItem\",\"name\":\"Home\"}},{\"@type\":\"ListItem\",\"@id\":\"https:\\\/\\\/empiricus.eu\\\/en\\\/alter-vor-genz-warum-sie-auch-an-best-ager-denken-muessen-en\\\/#listItem\",\"position\":3,\"name\":\"Alter vor GenZ: Warum Sie auch an Best Ager denken m\\u00fcssen\",\"previousItem\":{\"@type\":\"ListItem\",\"@id\":\"https:\\\/\\\/empiricus.eu\\\/category\\\/unkategorisiert\\\/#listItem\",\"name\":\"Unkategorisiert\"}}]},{\"@type\":\"Organization\",\"@id\":\"https:\\\/\\\/empiricus.eu\\\/en\\\/#organization\",\"name\":\"IT Recruiting and Executive Advisory | empiricus GmbH\",\"url\":\"https:\\\/\\\/empiricus.eu\\\/en\\\/\"},{\"@type\":\"Person\",\"@id\":\"https:\\\/\\\/empiricus.eu\\\/en\\\/author\\\/adminempiricus\\\/#author\",\"url\":\"https:\\\/\\\/empiricus.eu\\\/en\\\/author\\\/adminempiricus\\\/\",\"name\":\"adminempiricus\",\"image\":{\"@type\":\"ImageObject\",\"@id\":\"https:\\\/\\\/empiricus.eu\\\/en\\\/alter-vor-genz-warum-sie-auch-an-best-ager-denken-muessen-en\\\/#authorImage\",\"url\":\"https:\\\/\\\/secure.gravatar.com\\\/avatar\\\/219519c2adb9ca1437af93154ebfe0dc3a95fbe50c53f2a59ad5a5bfc5db0def?s=96&d=mm&r=g\",\"width\":96,\"height\":96,\"caption\":\"adminempiricus\"}},{\"@type\":\"WebPage\",\"@id\":\"https:\\\/\\\/empiricus.eu\\\/en\\\/alter-vor-genz-warum-sie-auch-an-best-ager-denken-muessen-en\\\/#webpage\",\"url\":\"https:\\\/\\\/empiricus.eu\\\/en\\\/alter-vor-genz-warum-sie-auch-an-best-ager-denken-muessen-en\\\/\",\"name\":\"Alter vor GenZ: Warum Sie auch an Best Ager denken m\\u00fcssen - IT Recruiting and Executive Advisory | empiricus GmbH\",\"description\":\"Durch den demografischen Wandel steigt die Zahl \\u00e4lterer Besch\\u00e4ftigter. Im letzten Beitrag haben wir deren Erwartungen und W\\u00fcnsche vorgestellt. Lesen Sie nun unsere zugeh\\u00f6rigen Praxistipps! Bye, bye GenZ, welcome Boomer! Im letzten Faktor A-Beitrag zum Thema \\\"Best Ager am Arbeitsmarkt\\\" haben wir gezeigt, warum die Alten im Kommen sind und den Arbeitsmarkt der Zukunft mitbestimmen\",\"inLanguage\":\"en-US\",\"isPartOf\":{\"@id\":\"https:\\\/\\\/empiricus.eu\\\/en\\\/#website\"},\"breadcrumb\":{\"@id\":\"https:\\\/\\\/empiricus.eu\\\/en\\\/alter-vor-genz-warum-sie-auch-an-best-ager-denken-muessen-en\\\/#breadcrumblist\"},\"author\":{\"@id\":\"https:\\\/\\\/empiricus.eu\\\/en\\\/author\\\/adminempiricus\\\/#author\"},\"creator\":{\"@id\":\"https:\\\/\\\/empiricus.eu\\\/en\\\/author\\\/adminempiricus\\\/#author\"},\"image\":{\"@type\":\"ImageObject\",\"url\":\"https:\\\/\\\/empiricus.eu\\\/wp-content\\\/uploads\\\/2026\\\/05\\\/blog_8.jpg\",\"@id\":\"https:\\\/\\\/empiricus.eu\\\/en\\\/alter-vor-genz-warum-sie-auch-an-best-ager-denken-muessen-en\\\/#mainImage\",\"width\":300,\"height\":293},\"primaryImageOfPage\":{\"@id\":\"https:\\\/\\\/empiricus.eu\\\/en\\\/alter-vor-genz-warum-sie-auch-an-best-ager-denken-muessen-en\\\/#mainImage\"},\"datePublished\":\"2026-05-30T09:27:50+02:00\",\"dateModified\":\"2026-05-30T09:27:50+02:00\"},{\"@type\":\"WebSite\",\"@id\":\"https:\\\/\\\/empiricus.eu\\\/en\\\/#website\",\"url\":\"https:\\\/\\\/empiricus.eu\\\/en\\\/\",\"name\":\"IT Recruiting and Executive Advisory | empiricus GmbH\",\"inLanguage\":\"en-US\",\"publisher\":{\"@id\":\"https:\\\/\\\/empiricus.eu\\\/en\\\/#organization\"}}]}\n\t\t<\/script>\n\t\t<!-- All in One SEO -->\n\n","aioseo_head_json":{"title":"Alter vor GenZ: Warum Sie auch an Best Ager denken m\u00fcssen - IT Recruiting and Executive Advisory | empiricus GmbH","description":"Durch den demografischen Wandel steigt die Zahl \u00e4lterer Besch\u00e4ftigter. Im letzten Beitrag haben wir deren Erwartungen und W\u00fcnsche vorgestellt. Lesen Sie nun unsere zugeh\u00f6rigen Praxistipps! Bye, bye GenZ, welcome Boomer! Im letzten Faktor A-Beitrag zum Thema \"Best Ager am Arbeitsmarkt\" haben wir gezeigt, warum die Alten im Kommen sind und den Arbeitsmarkt der Zukunft mitbestimmen","canonical_url":"https:\/\/empiricus.eu\/en\/alter-vor-genz-warum-sie-auch-an-best-ager-denken-muessen-en\/","robots":"max-image-preview:large","keywords":"","webmasterTools":{"miscellaneous":""},"schema":{"@context":"https:\/\/schema.org","@graph":[{"@type":"BlogPosting","@id":"https:\/\/empiricus.eu\/en\/alter-vor-genz-warum-sie-auch-an-best-ager-denken-muessen-en\/#blogposting","name":"Alter vor GenZ: Warum Sie auch an Best Ager denken m\u00fcssen - IT Recruiting and Executive Advisory | empiricus GmbH","headline":"Alter vor GenZ: Warum Sie auch an Best Ager denken m\u00fcssen","author":{"@id":"https:\/\/empiricus.eu\/en\/author\/adminempiricus\/#author"},"publisher":{"@id":"https:\/\/empiricus.eu\/en\/#organization"},"image":{"@type":"ImageObject","url":"https:\/\/empiricus.eu\/wp-content\/uploads\/2026\/05\/blog_8.jpg","width":300,"height":293},"datePublished":"2026-05-30T09:27:50+02:00","dateModified":"2026-05-30T09:27:50+02:00","inLanguage":"en-US","mainEntityOfPage":{"@id":"https:\/\/empiricus.eu\/en\/alter-vor-genz-warum-sie-auch-an-best-ager-denken-muessen-en\/#webpage"},"isPartOf":{"@id":"https:\/\/empiricus.eu\/en\/alter-vor-genz-warum-sie-auch-an-best-ager-denken-muessen-en\/#webpage"},"articleSection":"Unkategorisiert, Babyboomer Best Ager Generation 50plus Generationenmanagement, Optional, Optional"},{"@type":"BreadcrumbList","@id":"https:\/\/empiricus.eu\/en\/alter-vor-genz-warum-sie-auch-an-best-ager-denken-muessen-en\/#breadcrumblist","itemListElement":[{"@type":"ListItem","@id":"https:\/\/empiricus.eu\/en\/#listItem","position":1,"name":"Home","item":"https:\/\/empiricus.eu\/en\/","nextItem":{"@type":"ListItem","@id":"https:\/\/empiricus.eu\/category\/unkategorisiert\/#listItem","name":"Unkategorisiert"}},{"@type":"ListItem","@id":"https:\/\/empiricus.eu\/category\/unkategorisiert\/#listItem","position":2,"name":"Unkategorisiert","item":"https:\/\/empiricus.eu\/category\/unkategorisiert\/","nextItem":{"@type":"ListItem","@id":"https:\/\/empiricus.eu\/en\/alter-vor-genz-warum-sie-auch-an-best-ager-denken-muessen-en\/#listItem","name":"Alter vor GenZ: Warum Sie auch an Best Ager denken m\u00fcssen"},"previousItem":{"@type":"ListItem","@id":"https:\/\/empiricus.eu\/en\/#listItem","name":"Home"}},{"@type":"ListItem","@id":"https:\/\/empiricus.eu\/en\/alter-vor-genz-warum-sie-auch-an-best-ager-denken-muessen-en\/#listItem","position":3,"name":"Alter vor GenZ: Warum Sie auch an Best Ager denken m\u00fcssen","previousItem":{"@type":"ListItem","@id":"https:\/\/empiricus.eu\/category\/unkategorisiert\/#listItem","name":"Unkategorisiert"}}]},{"@type":"Organization","@id":"https:\/\/empiricus.eu\/en\/#organization","name":"IT Recruiting and Executive Advisory | empiricus GmbH","url":"https:\/\/empiricus.eu\/en\/"},{"@type":"Person","@id":"https:\/\/empiricus.eu\/en\/author\/adminempiricus\/#author","url":"https:\/\/empiricus.eu\/en\/author\/adminempiricus\/","name":"adminempiricus","image":{"@type":"ImageObject","@id":"https:\/\/empiricus.eu\/en\/alter-vor-genz-warum-sie-auch-an-best-ager-denken-muessen-en\/#authorImage","url":"https:\/\/secure.gravatar.com\/avatar\/219519c2adb9ca1437af93154ebfe0dc3a95fbe50c53f2a59ad5a5bfc5db0def?s=96&d=mm&r=g","width":96,"height":96,"caption":"adminempiricus"}},{"@type":"WebPage","@id":"https:\/\/empiricus.eu\/en\/alter-vor-genz-warum-sie-auch-an-best-ager-denken-muessen-en\/#webpage","url":"https:\/\/empiricus.eu\/en\/alter-vor-genz-warum-sie-auch-an-best-ager-denken-muessen-en\/","name":"Alter vor GenZ: Warum Sie auch an Best Ager denken m\u00fcssen - IT Recruiting and Executive Advisory | empiricus GmbH","description":"Durch den demografischen Wandel steigt die Zahl \u00e4lterer Besch\u00e4ftigter. Im letzten Beitrag haben wir deren Erwartungen und W\u00fcnsche vorgestellt. Lesen Sie nun unsere zugeh\u00f6rigen Praxistipps! Bye, bye GenZ, welcome Boomer! Im letzten Faktor A-Beitrag zum Thema \"Best Ager am Arbeitsmarkt\" haben wir gezeigt, warum die Alten im Kommen sind und den Arbeitsmarkt der Zukunft mitbestimmen","inLanguage":"en-US","isPartOf":{"@id":"https:\/\/empiricus.eu\/en\/#website"},"breadcrumb":{"@id":"https:\/\/empiricus.eu\/en\/alter-vor-genz-warum-sie-auch-an-best-ager-denken-muessen-en\/#breadcrumblist"},"author":{"@id":"https:\/\/empiricus.eu\/en\/author\/adminempiricus\/#author"},"creator":{"@id":"https:\/\/empiricus.eu\/en\/author\/adminempiricus\/#author"},"image":{"@type":"ImageObject","url":"https:\/\/empiricus.eu\/wp-content\/uploads\/2026\/05\/blog_8.jpg","@id":"https:\/\/empiricus.eu\/en\/alter-vor-genz-warum-sie-auch-an-best-ager-denken-muessen-en\/#mainImage","width":300,"height":293},"primaryImageOfPage":{"@id":"https:\/\/empiricus.eu\/en\/alter-vor-genz-warum-sie-auch-an-best-ager-denken-muessen-en\/#mainImage"},"datePublished":"2026-05-30T09:27:50+02:00","dateModified":"2026-05-30T09:27:50+02:00"},{"@type":"WebSite","@id":"https:\/\/empiricus.eu\/en\/#website","url":"https:\/\/empiricus.eu\/en\/","name":"IT Recruiting and Executive Advisory | empiricus GmbH","inLanguage":"en-US","publisher":{"@id":"https:\/\/empiricus.eu\/en\/#organization"}}]},"og:locale":"en_US","og:site_name":"IT Recruiting and Executive Advisory | empiricus GmbH -","og:type":"article","og:title":"Alter vor GenZ: Warum Sie auch an Best Ager denken m\u00fcssen - IT Recruiting and Executive Advisory | empiricus GmbH","og:description":"Durch den demografischen Wandel steigt die Zahl \u00e4lterer Besch\u00e4ftigter. Im letzten Beitrag haben wir deren Erwartungen und W\u00fcnsche vorgestellt. Lesen Sie nun unsere zugeh\u00f6rigen Praxistipps! Bye, bye GenZ, welcome Boomer! Im letzten Faktor A-Beitrag zum Thema &quot;Best Ager am Arbeitsmarkt&quot; haben wir gezeigt, warum die Alten im Kommen sind und den Arbeitsmarkt der Zukunft mitbestimmen","og:url":"https:\/\/empiricus.eu\/en\/alter-vor-genz-warum-sie-auch-an-best-ager-denken-muessen-en\/","article:published_time":"2026-05-30T09:27:50+00:00","article:modified_time":"2026-05-30T09:27:50+00:00","twitter:card":"summary_large_image","twitter:title":"Alter vor GenZ: Warum Sie auch an Best Ager denken m\u00fcssen - IT Recruiting and Executive Advisory | empiricus GmbH","twitter:description":"Durch den demografischen Wandel steigt die Zahl \u00e4lterer Besch\u00e4ftigter. Im letzten Beitrag haben wir deren Erwartungen und W\u00fcnsche vorgestellt. Lesen Sie nun unsere zugeh\u00f6rigen Praxistipps! Bye, bye GenZ, welcome Boomer! Im letzten Faktor A-Beitrag zum Thema &quot;Best Ager am Arbeitsmarkt&quot; haben wir gezeigt, warum die Alten im Kommen sind und den Arbeitsmarkt der Zukunft mitbestimmen"},"aioseo_meta_data":{"post_id":"8431","title":null,"description":null,"keywords":null,"keyphrases":{"focus":[],"additional":[]},"primary_term":null,"canonical_url":null,"og_title":null,"og_description":null,"og_object_type":"default","og_image_type":"default","og_image_custom_url":null,"og_image_custom_fields":null,"og_image_url":null,"og_image_width":null,"og_image_height":null,"og_video":null,"og_custom_url":null,"og_article_section":null,"og_article_tags":null,"twitter_use_og":false,"twitter_card":"default","twitter_image_type":"default","twitter_image_custom_url":null,"twitter_image_custom_fields":null,"twitter_image_url":null,"twitter_title":null,"twitter_description":null,"schema_type":"default","schema_type_options":null,"schema":{"blockGraphs":[],"customGraphs":[],"default":{"data":{"Article":[],"Course":[],"Dataset":[],"FAQPage":[],"Movie":[],"Person":[],"Product":[],"ProductReview":[],"Car":[],"Recipe":[],"Service":[],"SoftwareApplication":[],"WebPage":[]},"graphName":"","isEnabled":true},"graphs":[]},"pillar_content":false,"robots_default":true,"robots_noindex":false,"robots_noarchive":false,"robots_nosnippet":false,"robots_nofollow":false,"robots_noimageindex":false,"robots_noodp":false,"robots_notranslate":false,"robots_max_snippet":null,"robots_max_videopreview":null,"robots_max_imagepreview":"large","priority":null,"frequency":null,"local_seo":null,"limit_modified_date":false,"ai":null,"breadcrumb_settings":null,"seo_analyzer_scan_date":null,"created":"2026-07-27 08:32:24","updated":"2026-09-01 08:11:28","focus_keyword":null,"additional_keywords":null,"truseo_locale":null},"aioseo_breadcrumb":"<div class=\"aioseo-breadcrumbs\"><span class=\"aioseo-breadcrumb\">\n\t\t\t<a href=\"https:\/\/empiricus.eu\/en\/\" title=\"Home\">Home<\/a>\n\t\t<\/span><span class=\"aioseo-breadcrumb-separator\">&raquo;<\/span><span class=\"aioseo-breadcrumb\">\n\t\t\t<a href=\"https:\/\/empiricus.eu\/category\/unkategorisiert\/\" title=\"Unkategorisiert\">Unkategorisiert<\/a>\n\t\t<\/span><span class=\"aioseo-breadcrumb-separator\">&raquo;<\/span><span class=\"aioseo-breadcrumb\">\n\t\t\tAlter vor GenZ: Warum Sie auch an Best Ager denken m\u00fcssen\n\t\t<\/span><\/div>","aioseo_breadcrumb_json":[{"label":"Home","link":"https:\/\/empiricus.eu\/en\/"},{"label":"Unkategorisiert","link":"https:\/\/empiricus.eu\/category\/unkategorisiert\/"},{"label":"Alter vor GenZ: Warum Sie auch an Best Ager denken m\u00fcssen","link":"https:\/\/empiricus.eu\/en\/alter-vor-genz-warum-sie-auch-an-best-ager-denken-muessen-en\/"}],"_links":{"self":[{"href":"https:\/\/empiricus.eu\/en\/wp-json\/wp\/v2\/posts\/8431","targetHints":{"allow":["GET"]}}],"collection":[{"href":"https:\/\/empiricus.eu\/en\/wp-json\/wp\/v2\/posts"}],"about":[{"href":"https:\/\/empiricus.eu\/en\/wp-json\/wp\/v2\/types\/post"}],"author":[{"embeddable":true,"href":"https:\/\/empiricus.eu\/en\/wp-json\/wp\/v2\/users\/1"}],"replies":[{"embeddable":true,"href":"https:\/\/empiricus.eu\/en\/wp-json\/wp\/v2\/comments?post=8431"}],"version-history":[{"count":0,"href":"https:\/\/empiricus.eu\/en\/wp-json\/wp\/v2\/posts\/8431\/revisions"}],"wp:featuredmedia":[{"embeddable":true,"href":"https:\/\/empiricus.eu\/en\/wp-json\/wp\/v2\/media\/5739"}],"wp:attachment":[{"href":"https:\/\/empiricus.eu\/en\/wp-json\/wp\/v2\/media?parent=8431"}],"wp:term":[{"taxonomy":"category","embeddable":true,"href":"https:\/\/empiricus.eu\/en\/wp-json\/wp\/v2\/categories?post=8431"},{"taxonomy":"post_tag","embeddable":true,"href":"https:\/\/empiricus.eu\/en\/wp-json\/wp\/v2\/tags?post=8431"}],"curies":[{"name":"wp","href":"https:\/\/api.w.org\/{rel}","templated":true}]}}