{"id":8396,"date":"2026-05-30T09:27:48","date_gmt":"2026-05-30T09:27:48","guid":{"rendered":"https:\/\/dev.empiricus.eu\/jeder-mensch-will-sich-weiterentwickeln-2-en\/"},"modified":"2026-05-30T09:27:48","modified_gmt":"2026-05-30T09:27:48","slug":"jeder-mensch-will-sich-weiterentwickeln-2-en","status":"publish","type":"post","link":"https:\/\/empiricus.eu\/en\/jeder-mensch-will-sich-weiterentwickeln-2-en\/","title":{"rendered":"&#8220;Jeder Mensch will sich weiterentwickeln&#8221;"},"content":{"rendered":"<p><strong><em>Wie motiviert man Mitarbeiterinnen und Mitarbeiter dazu, sich um die eigene Weiterentwicklung anzunehmen? Gar nicht, sagt Kim Duggen, denn erstmal geht man davon aus, dass dieses Verlangen intrinsisch vorhanden ist. Im Podcast erkl\u00e4rt sie, wie man dieses schlafende Bed\u00fcrfnis auf Weiterbildung wecken kann und das vorhandene Wissen im Unternehmen nutzt.<\/em><\/strong><\/p>\n<p>Organisationsarchitektin. Der Begriff fasse ihre T\u00e4tigkeit am besten zusammen, sagt Kim Duggen. Bei der <a href=\"https:\/\/www.embarc.de\/kim-duggen\/\" target=\"_blank\" rel=\"noopener noreferrer\">embarc Software Consulting GmbH<\/a> in Hamburg hilft sie Kunden, die passende Organisationsstruktur zu entwickeln. Dazu braucht es allerlei Hard- und Softskills, wie die Bereitschaft zur pers\u00f6nlichen Weiterentwicklung.<\/p>\n<p>Gerade die Krisenzeit rund um Corona eigne sich gut, um sich dem Thema anzunehmen. In vielen Branchen erg\u00e4ben sich jetzt Zeitfenster, die sich mit der Suche nach dem richtigen Lernangebot und dem Lernen selbst gut f\u00fcllen lassen. Dabei muss es nicht immer ein angeleitetes (Online-)Seminar sein. \u201eIm IT-Umfeld ist es g\u00e4ngig, dass Kollegen und Kolleginnen sich YouTube-Videos ansehen, um neue Dinge zu lernen. Auch in anderen Unternehmen sollte das ganz normal sein\u201c, erkl\u00e4rt Duggen. Zus\u00e4tzlich offenbare die Krise blinde Flecken in Unternehmen, an denen noch bestimmte F\u00e4higkeiten fehlen. Ganz aktuell etwa: Wie verhalten wir uns bei online Meetings mit dem Kunden richtig? Wie gelingt es, unser Team trotz Home Office zu f\u00fchren?<\/p>\n<p>Welche Rolle spielen F\u00fchrungskr\u00e4fte bei dem Thema? \u201eIch besitze die Grundhaltung, dass Leute eigenes Interesse an ihrer Entwicklung haben. Daher geht es darum, dass Arbeitgeberinnen und Arbeitgeber den Zugang zu Weiterbildung schaffen und es sozusagen erlauben.\u201c Als Beispiel nennt sie mehrere Tage im Jahr, die sich jeder Mitarbeiter mit selbstgew\u00e4hlten Kursen oder Formaten bef\u00fcllen kann und die vom Unternehmen bezahlt werden. Das senke die H\u00fcrden und rege dazu an, sich Gedanken \u00fcber die sinnvolle Nutzung dieser Tage zu machen. \u00dcber kleine interne Vortragssessions berichten die Mitarbeiterinnen und Mitarbeiter dann ihrer Kollegenschaft von den Erkenntnissen, so kann das Wissen unternehmensintern gestreut werden.<\/p>\n<p>Jede Suche nach Weiterbildungsm\u00f6glichkeiten sollte gem\u00e4\u00df Duggen mit dem Status quo beginnen. Wer die Vergangenheit betrachte, erkenne Abl\u00e4ufe die gut oder weniger gut funktioniert haben und kann daraus ableiten, welche F\u00e4higkeiten noch ben\u00f6tigt werden. Was h\u00e4ufig vergessen wird: eine Bestandsaufnahme des Wissens, das im Unternehmen bereits vorhanden ist. Dabei geht es nicht rein um die formale Bildung, sondern eher um Skills, die man im Privaten erlernt und auf die es in neuen, selbstorganisierten Unternehmensformen ankommt. \u201eDer Schatz des internen Wissens wird oft gar nicht gehoben\u201c, spricht Duggen aus Erfahrung.<\/p>\n<p><strong><em>\u00dcber Kim Duggen<\/em><\/strong><\/p>\n<p><em>Als Organisationsentwicklerin im Bereich New Work, Selbstorganisation und (IT-)Strategie ist <a href=\"https:\/\/www.xing.com\/profile\/KimNena_Duggen\/cv\" target=\"_blank\" rel=\"noopener noreferrer\">Kim Duggen<\/a> in ihrem Element, wenn sie mit Menschen arbeitet, die selbst etwas tun wollen, anstatt mit Theorie oder Musterl\u00f6sungen vorlieb zu nehmen. Situationsgerecht wechselt sie in die Rolle des Beraters, Coaches oder Trainers \u2013 je nachdem welche individuellen Herausforderungen mit dem Kunden passgenaue L\u00f6sungsstrategien erfordern. Erfahrungen aus Jobstationen im Prozessmanagement, als Trainerin im Bereich EAM, RE, Soft Skills, New Work und als gew\u00e4hlter Vorstand einer selbstorganisierten Genossenschaft sowie Weiterbildungen im Bereich Coaching und Konfliktmanagement und das Aufwachsen in zwei Kulturen haben dazu ein breites Fundament gelegt.<\/em><\/p>\n<p>Quelle: <a href=\"https:\/\/faktor-a.arbeitsagentur.de\/mitarbeiter-qualifizieren\/jeder-mensch-will-sich-weiterentwickeln\/\" target=\"_blank\" rel=\"noopener noreferrer\">Faktor A &#8211; Das Arbeitgebermagazin<\/a><\/p>\n","protected":false},"excerpt":{"rendered":"<p>Wie motiviert man Mitarbeiterinnen und Mitarbeiter dazu, sich um die eigene Weiterentwicklung anzunehmen? Gar nicht, sagt Kim Duggen, denn erstmal [&hellip;]<\/p>\n","protected":false},"author":1,"featured_media":5704,"comment_status":"open","ping_status":"open","sticky":false,"template":"","format":"standard","meta":{"_monsterinsights_skip_tracking":false,"_uf_show_specific_survey":0,"_uf_disable_surveys":false,"site-sidebar-layout":"default","site-content-layout":"","ast-site-content-layout":"default","site-content-style":"default","site-sidebar-style":"default","ast-global-header-display":"","ast-banner-title-visibility":"","ast-main-header-display":"","ast-hfb-above-header-display":"","ast-hfb-below-header-display":"","ast-hfb-mobile-header-display":"","site-post-title":"","ast-breadcrumbs-content":"","ast-featured-img":"","footer-sml-layout":"","ast-disable-related-posts":"","theme-transparent-header-meta":"","adv-header-id-meta":"","stick-header-meta":"","header-above-stick-meta":"","header-main-stick-meta":"","header-below-stick-meta":"","astra-migrate-meta-layouts":"default","ast-page-background-enabled":"default","ast-page-background-meta":{"desktop":{"background-color":"var(--ast-global-color-5)","background-image":"","background-repeat":"repeat","background-position":"center center","background-size":"auto","background-attachment":"scroll","background-type":"","background-media":"","overlay-type":"","overlay-color":"","overlay-opacity":"","overlay-gradient":""},"tablet":{"background-color":"","background-image":"","background-repeat":"repeat","background-position":"center center","background-size":"auto","background-attachment":"scroll","background-type":"","background-media":"","overlay-type":"","overlay-color":"","overlay-opacity":"","overlay-gradient":""},"mobile":{"background-color":"","background-image":"","background-repeat":"repeat","background-position":"center center","background-size":"auto","background-attachment":"scroll","background-type":"","background-media":"","overlay-type":"","overlay-color":"","overlay-opacity":"","overlay-gradient":""}},"ast-content-background-meta":{"desktop":{"background-color":"var(--ast-global-color-4)","background-image":"","background-repeat":"repeat","background-position":"center center","background-size":"auto","background-attachment":"scroll","background-type":"","background-media":"","overlay-type":"","overlay-color":"","overlay-opacity":"","overlay-gradient":""},"tablet":{"background-color":"var(--ast-global-color-4)","background-image":"","background-repeat":"repeat","background-position":"center center","background-size":"auto","background-attachment":"scroll","background-type":"","background-media":"","overlay-type":"","overlay-color":"","overlay-opacity":"","overlay-gradient":""},"mobile":{"background-color":"var(--ast-global-color-4)","background-image":"","background-repeat":"repeat","background-position":"center center","background-size":"auto","background-attachment":"scroll","background-type":"","background-media":"","overlay-type":"","overlay-color":"","overlay-opacity":"","overlay-gradient":""}},"footnotes":""},"categories":[1090,10],"tags":[69],"class_list":["post-8396","post","type-post","status-publish","format-standard","has-post-thumbnail","hentry","category-ai-and-digital-transformation","category-ki-und-digitale-transformation","tag-lebenslanges-lernen-motivation-organisationsentwicklung-weiterbildung"],"aioseo_notices":[],"aioseo_head":"\n\t\t<!-- All in One SEO 5.0.0.1 - aioseo.com -->\n\t<meta name=\"description\" content=\"Wie motiviert man Mitarbeiterinnen und Mitarbeiter dazu, sich um die eigene Weiterentwicklung anzunehmen? Gar nicht, sagt Kim Duggen, denn erstmal geht man davon aus, dass dieses Verlangen intrinsisch vorhanden ist. Im Podcast erkl\u00e4rt sie, wie man dieses schlafende Bed\u00fcrfnis auf Weiterbildung wecken kann und das vorhandene Wissen im Unternehmen nutzt. Organisationsarchitektin. Der Begriff fasse ihre\" \/>\n\t<meta name=\"robots\" content=\"max-image-preview:large\" \/>\n\t<meta name=\"author\" content=\"adminempiricus\"\/>\n\t<link rel=\"canonical\" href=\"https:\/\/empiricus.eu\/en\/jeder-mensch-will-sich-weiterentwickeln-2-en\/\" \/>\n\t<meta name=\"generator\" content=\"All in One SEO (AIOSEO) 5.0.0.1\" \/>\n\t\t<meta property=\"og:locale\" content=\"en_US\" \/>\n\t\t<meta property=\"og:site_name\" content=\"IT Recruiting and Executive Advisory | empiricus GmbH -\" \/>\n\t\t<meta property=\"og:type\" content=\"article\" \/>\n\t\t<meta property=\"og:title\" content=\"\u201cJeder Mensch will sich weiterentwickeln\u201d - IT Recruiting and Executive Advisory | empiricus GmbH\" \/>\n\t\t<meta property=\"og:description\" content=\"Wie motiviert man Mitarbeiterinnen und Mitarbeiter dazu, sich um die eigene Weiterentwicklung anzunehmen? Gar nicht, sagt Kim Duggen, denn erstmal geht man davon aus, dass dieses Verlangen intrinsisch vorhanden ist. Im Podcast erkl\u00e4rt sie, wie man dieses schlafende Bed\u00fcrfnis auf Weiterbildung wecken kann und das vorhandene Wissen im Unternehmen nutzt. Organisationsarchitektin. Der Begriff fasse ihre\" \/>\n\t\t<meta property=\"og:url\" content=\"https:\/\/empiricus.eu\/en\/jeder-mensch-will-sich-weiterentwickeln-2-en\/\" \/>\n\t\t<meta property=\"article:published_time\" content=\"2026-05-30T09:27:48+00:00\" \/>\n\t\t<meta property=\"article:modified_time\" content=\"2026-05-30T09:27:48+00:00\" \/>\n\t\t<meta name=\"twitter:card\" content=\"summary_large_image\" \/>\n\t\t<meta name=\"twitter:title\" content=\"\u201cJeder Mensch will sich weiterentwickeln\u201d - IT Recruiting and Executive Advisory | empiricus GmbH\" \/>\n\t\t<meta name=\"twitter:description\" content=\"Wie motiviert man Mitarbeiterinnen und Mitarbeiter dazu, sich um die eigene Weiterentwicklung anzunehmen? Gar nicht, sagt Kim Duggen, denn erstmal geht man davon aus, dass dieses Verlangen intrinsisch vorhanden ist. Im Podcast erkl\u00e4rt sie, wie man dieses schlafende Bed\u00fcrfnis auf Weiterbildung wecken kann und das vorhandene Wissen im Unternehmen nutzt. Organisationsarchitektin. Der Begriff fasse ihre\" \/>\n\t\t<script type=\"application\/ld+json\" class=\"aioseo-schema\">\n\t\t\t{\"@context\":\"https:\\\/\\\/schema.org\",\"@graph\":[{\"@type\":\"BlogPosting\",\"@id\":\"https:\\\/\\\/empiricus.eu\\\/en\\\/jeder-mensch-will-sich-weiterentwickeln-2-en\\\/#blogposting\",\"name\":\"\\u201cJeder Mensch will sich weiterentwickeln\\u201d - IT Recruiting and Executive Advisory | empiricus GmbH\",\"headline\":\"&#8220;Jeder Mensch will sich weiterentwickeln&#8221;\",\"author\":{\"@id\":\"https:\\\/\\\/empiricus.eu\\\/en\\\/author\\\/adminempiricus\\\/#author\"},\"publisher\":{\"@id\":\"https:\\\/\\\/empiricus.eu\\\/en\\\/#organization\"},\"image\":{\"@type\":\"ImageObject\",\"url\":\"https:\\\/\\\/empiricus.eu\\\/wp-content\\\/uploads\\\/2026\\\/05\\\/blog_32.jpg\",\"width\":300,\"height\":293},\"datePublished\":\"2026-05-30T09:27:48+02:00\",\"dateModified\":\"2026-05-30T09:27:48+02:00\",\"inLanguage\":\"en-US\",\"mainEntityOfPage\":{\"@id\":\"https:\\\/\\\/empiricus.eu\\\/en\\\/jeder-mensch-will-sich-weiterentwickeln-2-en\\\/#webpage\"},\"isPartOf\":{\"@id\":\"https:\\\/\\\/empiricus.eu\\\/en\\\/jeder-mensch-will-sich-weiterentwickeln-2-en\\\/#webpage\"},\"articleSection\":\"AI and Digital Transformation, KI und digitale Transformation, lebenslanges Lernen Motivation Organisationsentwicklung Weiterbildung, Optional, Optional\"},{\"@type\":\"BreadcrumbList\",\"@id\":\"https:\\\/\\\/empiricus.eu\\\/en\\\/jeder-mensch-will-sich-weiterentwickeln-2-en\\\/#breadcrumblist\",\"itemListElement\":[{\"@type\":\"ListItem\",\"@id\":\"https:\\\/\\\/empiricus.eu\\\/en\\\/#listItem\",\"position\":1,\"name\":\"Home\",\"item\":\"https:\\\/\\\/empiricus.eu\\\/en\\\/\",\"nextItem\":{\"@type\":\"ListItem\",\"@id\":\"https:\\\/\\\/empiricus.eu\\\/category\\\/ki-und-digitale-transformation\\\/#listItem\",\"name\":\"KI und digitale Transformation\"}},{\"@type\":\"ListItem\",\"@id\":\"https:\\\/\\\/empiricus.eu\\\/category\\\/ki-und-digitale-transformation\\\/#listItem\",\"position\":2,\"name\":\"KI und digitale Transformation\",\"item\":\"https:\\\/\\\/empiricus.eu\\\/category\\\/ki-und-digitale-transformation\\\/\",\"nextItem\":{\"@type\":\"ListItem\",\"@id\":\"https:\\\/\\\/empiricus.eu\\\/en\\\/jeder-mensch-will-sich-weiterentwickeln-2-en\\\/#listItem\",\"name\":\"&#8220;Jeder Mensch will sich weiterentwickeln&#8221;\"},\"previousItem\":{\"@type\":\"ListItem\",\"@id\":\"https:\\\/\\\/empiricus.eu\\\/en\\\/#listItem\",\"name\":\"Home\"}},{\"@type\":\"ListItem\",\"@id\":\"https:\\\/\\\/empiricus.eu\\\/en\\\/jeder-mensch-will-sich-weiterentwickeln-2-en\\\/#listItem\",\"position\":3,\"name\":\"&#8220;Jeder Mensch will sich weiterentwickeln&#8221;\",\"previousItem\":{\"@type\":\"ListItem\",\"@id\":\"https:\\\/\\\/empiricus.eu\\\/category\\\/ki-und-digitale-transformation\\\/#listItem\",\"name\":\"KI und digitale Transformation\"}}]},{\"@type\":\"Organization\",\"@id\":\"https:\\\/\\\/empiricus.eu\\\/en\\\/#organization\",\"name\":\"IT Recruiting and Executive Advisory | empiricus GmbH\",\"url\":\"https:\\\/\\\/empiricus.eu\\\/en\\\/\"},{\"@type\":\"Person\",\"@id\":\"https:\\\/\\\/empiricus.eu\\\/en\\\/author\\\/adminempiricus\\\/#author\",\"url\":\"https:\\\/\\\/empiricus.eu\\\/en\\\/author\\\/adminempiricus\\\/\",\"name\":\"adminempiricus\",\"image\":{\"@type\":\"ImageObject\",\"@id\":\"https:\\\/\\\/empiricus.eu\\\/en\\\/jeder-mensch-will-sich-weiterentwickeln-2-en\\\/#authorImage\",\"url\":\"https:\\\/\\\/secure.gravatar.com\\\/avatar\\\/219519c2adb9ca1437af93154ebfe0dc3a95fbe50c53f2a59ad5a5bfc5db0def?s=96&d=mm&r=g\",\"width\":96,\"height\":96,\"caption\":\"adminempiricus\"}},{\"@type\":\"WebPage\",\"@id\":\"https:\\\/\\\/empiricus.eu\\\/en\\\/jeder-mensch-will-sich-weiterentwickeln-2-en\\\/#webpage\",\"url\":\"https:\\\/\\\/empiricus.eu\\\/en\\\/jeder-mensch-will-sich-weiterentwickeln-2-en\\\/\",\"name\":\"\\u201cJeder Mensch will sich weiterentwickeln\\u201d - IT Recruiting and Executive Advisory | empiricus GmbH\",\"description\":\"Wie motiviert man Mitarbeiterinnen und Mitarbeiter dazu, sich um die eigene Weiterentwicklung anzunehmen? Gar nicht, sagt Kim Duggen, denn erstmal geht man davon aus, dass dieses Verlangen intrinsisch vorhanden ist. Im Podcast erkl\\u00e4rt sie, wie man dieses schlafende Bed\\u00fcrfnis auf Weiterbildung wecken kann und das vorhandene Wissen im Unternehmen nutzt. Organisationsarchitektin. Der Begriff fasse ihre\",\"inLanguage\":\"en-US\",\"isPartOf\":{\"@id\":\"https:\\\/\\\/empiricus.eu\\\/en\\\/#website\"},\"breadcrumb\":{\"@id\":\"https:\\\/\\\/empiricus.eu\\\/en\\\/jeder-mensch-will-sich-weiterentwickeln-2-en\\\/#breadcrumblist\"},\"author\":{\"@id\":\"https:\\\/\\\/empiricus.eu\\\/en\\\/author\\\/adminempiricus\\\/#author\"},\"creator\":{\"@id\":\"https:\\\/\\\/empiricus.eu\\\/en\\\/author\\\/adminempiricus\\\/#author\"},\"image\":{\"@type\":\"ImageObject\",\"url\":\"https:\\\/\\\/empiricus.eu\\\/wp-content\\\/uploads\\\/2026\\\/05\\\/blog_32.jpg\",\"@id\":\"https:\\\/\\\/empiricus.eu\\\/en\\\/jeder-mensch-will-sich-weiterentwickeln-2-en\\\/#mainImage\",\"width\":300,\"height\":293},\"primaryImageOfPage\":{\"@id\":\"https:\\\/\\\/empiricus.eu\\\/en\\\/jeder-mensch-will-sich-weiterentwickeln-2-en\\\/#mainImage\"},\"datePublished\":\"2026-05-30T09:27:48+02:00\",\"dateModified\":\"2026-05-30T09:27:48+02:00\"},{\"@type\":\"WebSite\",\"@id\":\"https:\\\/\\\/empiricus.eu\\\/en\\\/#website\",\"url\":\"https:\\\/\\\/empiricus.eu\\\/en\\\/\",\"name\":\"IT Recruiting and Executive Advisory | empiricus GmbH\",\"inLanguage\":\"en-US\",\"publisher\":{\"@id\":\"https:\\\/\\\/empiricus.eu\\\/en\\\/#organization\"}}]}\n\t\t<\/script>\n\t\t<!-- All in One SEO -->\n\n","aioseo_head_json":{"title":"\u201cJeder Mensch will sich weiterentwickeln\u201d - IT Recruiting and Executive Advisory | empiricus GmbH","description":"Wie motiviert man Mitarbeiterinnen und Mitarbeiter dazu, sich um die eigene Weiterentwicklung anzunehmen? Gar nicht, sagt Kim Duggen, denn erstmal geht man davon aus, dass dieses Verlangen intrinsisch vorhanden ist. Im Podcast erkl\u00e4rt sie, wie man dieses schlafende Bed\u00fcrfnis auf Weiterbildung wecken kann und das vorhandene Wissen im Unternehmen nutzt. Organisationsarchitektin. Der Begriff fasse ihre","canonical_url":"https:\/\/empiricus.eu\/en\/jeder-mensch-will-sich-weiterentwickeln-2-en\/","robots":"max-image-preview:large","keywords":"","webmasterTools":{"miscellaneous":""},"schema":{"@context":"https:\/\/schema.org","@graph":[{"@type":"BlogPosting","@id":"https:\/\/empiricus.eu\/en\/jeder-mensch-will-sich-weiterentwickeln-2-en\/#blogposting","name":"\u201cJeder Mensch will sich weiterentwickeln\u201d - IT Recruiting and Executive Advisory | empiricus GmbH","headline":"&#8220;Jeder Mensch will sich weiterentwickeln&#8221;","author":{"@id":"https:\/\/empiricus.eu\/en\/author\/adminempiricus\/#author"},"publisher":{"@id":"https:\/\/empiricus.eu\/en\/#organization"},"image":{"@type":"ImageObject","url":"https:\/\/empiricus.eu\/wp-content\/uploads\/2026\/05\/blog_32.jpg","width":300,"height":293},"datePublished":"2026-05-30T09:27:48+02:00","dateModified":"2026-05-30T09:27:48+02:00","inLanguage":"en-US","mainEntityOfPage":{"@id":"https:\/\/empiricus.eu\/en\/jeder-mensch-will-sich-weiterentwickeln-2-en\/#webpage"},"isPartOf":{"@id":"https:\/\/empiricus.eu\/en\/jeder-mensch-will-sich-weiterentwickeln-2-en\/#webpage"},"articleSection":"AI and Digital Transformation, KI und digitale Transformation, lebenslanges Lernen Motivation Organisationsentwicklung Weiterbildung, Optional, Optional"},{"@type":"BreadcrumbList","@id":"https:\/\/empiricus.eu\/en\/jeder-mensch-will-sich-weiterentwickeln-2-en\/#breadcrumblist","itemListElement":[{"@type":"ListItem","@id":"https:\/\/empiricus.eu\/en\/#listItem","position":1,"name":"Home","item":"https:\/\/empiricus.eu\/en\/","nextItem":{"@type":"ListItem","@id":"https:\/\/empiricus.eu\/category\/ki-und-digitale-transformation\/#listItem","name":"KI und digitale Transformation"}},{"@type":"ListItem","@id":"https:\/\/empiricus.eu\/category\/ki-und-digitale-transformation\/#listItem","position":2,"name":"KI und digitale Transformation","item":"https:\/\/empiricus.eu\/category\/ki-und-digitale-transformation\/","nextItem":{"@type":"ListItem","@id":"https:\/\/empiricus.eu\/en\/jeder-mensch-will-sich-weiterentwickeln-2-en\/#listItem","name":"&#8220;Jeder Mensch will sich weiterentwickeln&#8221;"},"previousItem":{"@type":"ListItem","@id":"https:\/\/empiricus.eu\/en\/#listItem","name":"Home"}},{"@type":"ListItem","@id":"https:\/\/empiricus.eu\/en\/jeder-mensch-will-sich-weiterentwickeln-2-en\/#listItem","position":3,"name":"&#8220;Jeder Mensch will sich weiterentwickeln&#8221;","previousItem":{"@type":"ListItem","@id":"https:\/\/empiricus.eu\/category\/ki-und-digitale-transformation\/#listItem","name":"KI und digitale Transformation"}}]},{"@type":"Organization","@id":"https:\/\/empiricus.eu\/en\/#organization","name":"IT Recruiting and Executive Advisory | empiricus GmbH","url":"https:\/\/empiricus.eu\/en\/"},{"@type":"Person","@id":"https:\/\/empiricus.eu\/en\/author\/adminempiricus\/#author","url":"https:\/\/empiricus.eu\/en\/author\/adminempiricus\/","name":"adminempiricus","image":{"@type":"ImageObject","@id":"https:\/\/empiricus.eu\/en\/jeder-mensch-will-sich-weiterentwickeln-2-en\/#authorImage","url":"https:\/\/secure.gravatar.com\/avatar\/219519c2adb9ca1437af93154ebfe0dc3a95fbe50c53f2a59ad5a5bfc5db0def?s=96&d=mm&r=g","width":96,"height":96,"caption":"adminempiricus"}},{"@type":"WebPage","@id":"https:\/\/empiricus.eu\/en\/jeder-mensch-will-sich-weiterentwickeln-2-en\/#webpage","url":"https:\/\/empiricus.eu\/en\/jeder-mensch-will-sich-weiterentwickeln-2-en\/","name":"\u201cJeder Mensch will sich weiterentwickeln\u201d - IT Recruiting and Executive Advisory | empiricus GmbH","description":"Wie motiviert man Mitarbeiterinnen und Mitarbeiter dazu, sich um die eigene Weiterentwicklung anzunehmen? Gar nicht, sagt Kim Duggen, denn erstmal geht man davon aus, dass dieses Verlangen intrinsisch vorhanden ist. Im Podcast erkl\u00e4rt sie, wie man dieses schlafende Bed\u00fcrfnis auf Weiterbildung wecken kann und das vorhandene Wissen im Unternehmen nutzt. Organisationsarchitektin. Der Begriff fasse ihre","inLanguage":"en-US","isPartOf":{"@id":"https:\/\/empiricus.eu\/en\/#website"},"breadcrumb":{"@id":"https:\/\/empiricus.eu\/en\/jeder-mensch-will-sich-weiterentwickeln-2-en\/#breadcrumblist"},"author":{"@id":"https:\/\/empiricus.eu\/en\/author\/adminempiricus\/#author"},"creator":{"@id":"https:\/\/empiricus.eu\/en\/author\/adminempiricus\/#author"},"image":{"@type":"ImageObject","url":"https:\/\/empiricus.eu\/wp-content\/uploads\/2026\/05\/blog_32.jpg","@id":"https:\/\/empiricus.eu\/en\/jeder-mensch-will-sich-weiterentwickeln-2-en\/#mainImage","width":300,"height":293},"primaryImageOfPage":{"@id":"https:\/\/empiricus.eu\/en\/jeder-mensch-will-sich-weiterentwickeln-2-en\/#mainImage"},"datePublished":"2026-05-30T09:27:48+02:00","dateModified":"2026-05-30T09:27:48+02:00"},{"@type":"WebSite","@id":"https:\/\/empiricus.eu\/en\/#website","url":"https:\/\/empiricus.eu\/en\/","name":"IT Recruiting and Executive Advisory | empiricus GmbH","inLanguage":"en-US","publisher":{"@id":"https:\/\/empiricus.eu\/en\/#organization"}}]},"og:locale":"en_US","og:site_name":"IT Recruiting and Executive Advisory | empiricus GmbH -","og:type":"article","og:title":"\u201cJeder Mensch will sich weiterentwickeln\u201d - IT Recruiting and Executive Advisory | empiricus GmbH","og:description":"Wie motiviert man Mitarbeiterinnen und Mitarbeiter dazu, sich um die eigene Weiterentwicklung anzunehmen? Gar nicht, sagt Kim Duggen, denn erstmal geht man davon aus, dass dieses Verlangen intrinsisch vorhanden ist. Im Podcast erkl\u00e4rt sie, wie man dieses schlafende Bed\u00fcrfnis auf Weiterbildung wecken kann und das vorhandene Wissen im Unternehmen nutzt. Organisationsarchitektin. Der Begriff fasse ihre","og:url":"https:\/\/empiricus.eu\/en\/jeder-mensch-will-sich-weiterentwickeln-2-en\/","article:published_time":"2026-05-30T09:27:48+00:00","article:modified_time":"2026-05-30T09:27:48+00:00","twitter:card":"summary_large_image","twitter:title":"\u201cJeder Mensch will sich weiterentwickeln\u201d - IT Recruiting and Executive Advisory | empiricus GmbH","twitter:description":"Wie motiviert man Mitarbeiterinnen und Mitarbeiter dazu, sich um die eigene Weiterentwicklung anzunehmen? Gar nicht, sagt Kim Duggen, denn erstmal geht man davon aus, dass dieses Verlangen intrinsisch vorhanden ist. Im Podcast erkl\u00e4rt sie, wie man dieses schlafende Bed\u00fcrfnis auf Weiterbildung wecken kann und das vorhandene Wissen im Unternehmen nutzt. Organisationsarchitektin. Der Begriff fasse ihre"},"aioseo_meta_data":{"post_id":"8396","title":null,"description":null,"keywords":null,"keyphrases":{"focus":[],"additional":[]},"primary_term":null,"canonical_url":null,"og_title":null,"og_description":null,"og_object_type":"default","og_image_type":"default","og_image_custom_url":null,"og_image_custom_fields":null,"og_image_url":null,"og_image_width":null,"og_image_height":null,"og_video":null,"og_custom_url":null,"og_article_section":null,"og_article_tags":null,"twitter_use_og":false,"twitter_card":"default","twitter_image_type":"default","twitter_image_custom_url":null,"twitter_image_custom_fields":null,"twitter_image_url":null,"twitter_title":null,"twitter_description":null,"schema_type":"default","schema_type_options":null,"schema":{"blockGraphs":[],"customGraphs":[],"default":{"data":{"Article":[],"Course":[],"Dataset":[],"FAQPage":[],"Movie":[],"Person":[],"Product":[],"ProductReview":[],"Car":[],"Recipe":[],"Service":[],"SoftwareApplication":[],"WebPage":[]},"graphName":"","isEnabled":true},"graphs":[]},"pillar_content":false,"robots_default":true,"robots_noindex":false,"robots_noarchive":false,"robots_nosnippet":false,"robots_nofollow":false,"robots_noimageindex":false,"robots_noodp":false,"robots_notranslate":false,"robots_max_snippet":null,"robots_max_videopreview":null,"robots_max_imagepreview":"large","priority":null,"frequency":null,"local_seo":null,"limit_modified_date":false,"ai":null,"breadcrumb_settings":null,"seo_analyzer_scan_date":null,"created":"2026-07-27 08:28:26","updated":"2026-09-01 08:11:48","focus_keyword":null,"additional_keywords":null,"truseo_locale":null},"aioseo_breadcrumb":"<div class=\"aioseo-breadcrumbs\"><span class=\"aioseo-breadcrumb\">\n\t\t\t<a href=\"https:\/\/empiricus.eu\/en\/\" title=\"Home\">Home<\/a>\n\t\t<\/span><span class=\"aioseo-breadcrumb-separator\">&raquo;<\/span><span class=\"aioseo-breadcrumb\">\n\t\t\t<a href=\"https:\/\/empiricus.eu\/category\/ki-und-digitale-transformation\/\" title=\"KI und digitale Transformation\">KI und digitale Transformation<\/a>\n\t\t<\/span><span class=\"aioseo-breadcrumb-separator\">&raquo;<\/span><span class=\"aioseo-breadcrumb\">\n\t\t\t\u201cJeder Mensch will sich weiterentwickeln\u201d\n\t\t<\/span><\/div>","aioseo_breadcrumb_json":[{"label":"Home","link":"https:\/\/empiricus.eu\/en\/"},{"label":"KI und digitale Transformation","link":"https:\/\/empiricus.eu\/category\/ki-und-digitale-transformation\/"},{"label":"&#8220;Jeder Mensch will sich weiterentwickeln&#8221;","link":"https:\/\/empiricus.eu\/en\/jeder-mensch-will-sich-weiterentwickeln-2-en\/"}],"_links":{"self":[{"href":"https:\/\/empiricus.eu\/en\/wp-json\/wp\/v2\/posts\/8396","targetHints":{"allow":["GET"]}}],"collection":[{"href":"https:\/\/empiricus.eu\/en\/wp-json\/wp\/v2\/posts"}],"about":[{"href":"https:\/\/empiricus.eu\/en\/wp-json\/wp\/v2\/types\/post"}],"author":[{"embeddable":true,"href":"https:\/\/empiricus.eu\/en\/wp-json\/wp\/v2\/users\/1"}],"replies":[{"embeddable":true,"href":"https:\/\/empiricus.eu\/en\/wp-json\/wp\/v2\/comments?post=8396"}],"version-history":[{"count":0,"href":"https:\/\/empiricus.eu\/en\/wp-json\/wp\/v2\/posts\/8396\/revisions"}],"wp:featuredmedia":[{"embeddable":true,"href":"https:\/\/empiricus.eu\/en\/wp-json\/wp\/v2\/media\/5704"}],"wp:attachment":[{"href":"https:\/\/empiricus.eu\/en\/wp-json\/wp\/v2\/media?parent=8396"}],"wp:term":[{"taxonomy":"category","embeddable":true,"href":"https:\/\/empiricus.eu\/en\/wp-json\/wp\/v2\/categories?post=8396"},{"taxonomy":"post_tag","embeddable":true,"href":"https:\/\/empiricus.eu\/en\/wp-json\/wp\/v2\/tags?post=8396"}],"curies":[{"name":"wp","href":"https:\/\/api.w.org\/{rel}","templated":true}]}}