{"id":8395,"date":"2018-09-07T03:01:03","date_gmt":"2018-09-07T03:01:03","guid":{"rendered":"https:\/\/dev.empiricus.eu\/in-20-jahren-benoetigen-wir-ein-anderes-gesellschaftsmodell-2-en\/"},"modified":"2026-05-30T09:27:48","modified_gmt":"2026-05-30T09:27:48","slug":"in-20-jahren-benoetigen-wir-ein-anderes-gesellschaftsmodell-2-en","status":"publish","type":"post","link":"https:\/\/empiricus.eu\/en\/in-20-jahren-benoetigen-wir-ein-anderes-gesellschaftsmodell-2-en\/","title":{"rendered":"&#8220;In 20 Jahren ben\u00f6tigen wir ein anderes Gesellschaftsmodell&#8221;"},"content":{"rendered":"<p><em>Warum wir Arbeit ganz neu denken m\u00fcssen &#8211; ein Gespr\u00e4ch mit Ansgar Oberholz, New Work Pionier und Gr\u00fcnder des legend\u00e4ren Cowork-Caf\u00e9s St. Oberholz in Berlin.<\/em><\/p>\n<p>Als er sein \u201eCoworking-Space\u201c vor 13 Jahren gegr\u00fcndet hat, da gab es diesen Begriff noch nicht mal. Es gab auch erst wenige Laptops mit W-LAN-M\u00f6glichkeit und Smartphones schon gar nicht.\u00a0Heute f\u00fchrt der Unternehmer Ansgar Oberholz zwei Caf\u00e9s und Coworking-H\u00e4user in Berlin Mitte \u2013 und ber\u00e4t Banken und Kaufh\u00e4user \u00fcber die M\u00f6glichkeiten der digitalen Transformation und New Work. Wie der Querdenker es geschafft hat, Arbeit ganz neu zu denken. Und was man sich davon abgucken kann\u2026<\/p>\n<p><strong>Capital: Das St. Oberholz feiert in diesem Jahr seinen 13. Geburtstag. Gibt es etwas, das Sie heute anders machen w\u00fcrden als damals?<\/strong><\/p>\n<p><strong>Ansgar Oberholz:<\/strong> Ganz banal: Ich w\u00fcrde mehr Steckdosen bauen. Und ich h\u00e4tte mir den Mut gew\u00fcnscht, das Gastronomische fr\u00fcher noch mehr zur\u00fcckzulassen und stattdessen auf Ideen zu setzen, die f\u00fcr die Community wichtig sind.<\/p>\n<p><strong>Zum Beispiel?<\/strong><\/p>\n<p>Wir haben immer geglaubt, dass es ein netter Nebeneffekt ist, wenn die Menschen bei uns im Caf\u00e9 auch arbeiten k\u00f6nnen. Wir haben nicht geglaubt, dass das unser Alleinstellungsmerkmal wird. 2005 gab es den Begriff \u201eCoworking\u201c ja noch nicht. Aus gastronomischer Sicht h\u00e4tte man da bereits sehen m\u00fcssen, dass das nicht funktioniert: Dass alles toll ist, aber der Umsatz nicht. An dem Punkt mussten wir uns fragen: Wohin gehen wir? Wir haben dann gemerkt, dass da etwas ist, was viel mehr wert ist als die zwei Kaffees, die man bei uns trinkt: die Community. Dann haben wir angefangen, <a href=\"https:\/\/www.capital.de\/karriere\/new-work-diese-staedte-bieten-am-haeufigsten-homeoffice\" target=\"_blank\" rel=\"noopener noreferrer\">R\u00e4ume f\u00fcr Coworking zu bauen<\/a>. Dazu h\u00e4tte ich mir fr\u00fcher den Mut gew\u00fcnscht.<\/p>\n<p><strong>Sicherlich kommt dem Coworking-Konzept der B\u00fcrofl\u00e4chenmangel in Berlin zu Gute.<\/strong><\/p>\n<p>Keine Frage, das spielt in die Karten. Aber uns geht es auch darum, einen echten Mehrwert f\u00fcr die Community zu schaffen.<\/p>\n<p><strong>Die Arbeitswelt ver\u00e4ndert sich gerade grundlegend. Was hat Sie in den vergangenen Jahren am meisten \u00fcberrascht?<\/strong><\/p>\n<p>Es gab einen gro\u00dfen Trend: Dass Unternehmen das Prinzip Coworking pl\u00f6tzlich ernst genommen haben. Dass die Corporates unsere R\u00e4ume nicht blo\u00df nutzen, sondern uns fragen, ob wir ihnen helfen k\u00f6nnen, solche Strukturen in ihren eigenen Unternehmen aufzubauen. Das machen wir seit eineinhalb Jahren und haben das auch als Start-Up ausgegr\u00fcndet: Wir schaffen alles, was du brauchst, um eine offene Arbeitsumgebung zu erzeugen.<\/p>\n<p><strong>K\u00f6nnte jedes Unternehmen von diesen Strukturen profitieren?<\/strong><\/p>\n<p>Ich w\u00fcrde nicht sagen, dass es f\u00fcr jedes Unternehmen bereichernd ist, wenn sie Coworking installieren und flexible Strukturen einf\u00fchren. Aber bereichernd wird es immer sein, die Menschen zu fragen: Wie wollt ihr arbeiten? Was tut euch gut? <a href=\"https:\/\/www.capital.de\/karriere\/new-work-so-begeistert-man-auch-aeltere-mitarbeiter\" target=\"_blank\" rel=\"noopener noreferrer\">Wie muss die Struktur daf\u00fcr aussehen?<\/a> Kann sein, dass man dann beim Open Space und Coworking raus kommt, kann aber auch sein, dass man bei anderen Sachen landet. Wichtig ist, den Hype nicht zu hoch zu h\u00e4ngen und immer eine gute Mischung zu finden.<\/p>\n<p><strong>Man darf nicht jeden Hype hoch h\u00e4ngen, sagen Sie: Was wird also bestehen bleiben? Sabbatical, flexibles Arbeiten, Open Spaces?<\/strong><\/p>\n<p>Sicherlich wird sich nicht alles bew\u00e4hren. Es wird davon abh\u00e4ngen, ob die Wirtschaft weiter floriert oder ob wir nochmal in eine echte Rezession kommen. Es ist ja aber gerade keine Krise in Sicht. Daher denke ich, dass diese Riten immer mehr Einzug gewinnen werden. Ich glaube aber, dass es noch zwei gro\u00dfe Aufgaben zu l\u00f6sen gibt: Die Betriebsr\u00e4te m\u00fcssen ihr Mind-Set verlassen.<\/p>\n<p><strong>Das hei\u00dft?<\/strong><\/p>\n<p>Dass man sich zum Beispiel genau an die Pausenzeiten halten muss. Nat\u00fcrlich brauchen wir Regeln und nat\u00fcrlich m\u00fcssen die Arbeitnehmer und Arbeitnehmerinnen gesch\u00fctzt werden, aber wir brauchen die Bereitschaft und gesetzliche Regulierungen, dass Arbeit auch anders geht. Der zweite Bereich, der Prozesse ausbremst, ist die IT: So banal es ist, aber ganz oft funktionieren Remote Work und Homeoffice nicht, weil die Strukturen daf\u00fcr nicht da sind.<\/p>\n<p><strong>Es gibt die Legende, dass der Blogger Sascha Lobo im St. Oberholz den Tod der E-Mail vorausgesagt hat. Trotzdem h\u00e4lt sich die Mail noch ziemlich gut.<\/strong><\/p>\n<p>Das stimmt. Die E-Mail ist ein Fluch, auch was New Work und kollaboratives Arbeiten angeht. Das ist dysfunktional f\u00fcr Teams: Jeder, der schon ein mal in CC-Gewitter erlebt hat, wei\u00df das. Die E-Mail-Schwemme erstickt effektives Arbeiten. Es gab ja mal den Tipp f\u00fcr mehr Produktivit\u00e4t: Dass abends das Mail-Postfach leer sein sollte. Das habe ich schon lange nicht mehr geh\u00f6rt. Weil es nicht zu schaffen ist.\u00a0Jeder, der schon mal einen Chat benutzt hat, wei\u00df, welche Magie davon ausgeht<\/p>\n<p><strong>Das Postfach kann ich nach der Arbeit einfach nicht \u00f6ffnen, aber im Chat bin auch nach der Arbeit noch ansprechbar.<\/strong><\/p>\n<p>Stimmt, der Messenger-Dienst ist n\u00e4her am Menschen. Aber dem Chatprogramm kannst du auch sagen, dass du jetzt nicht mehr arbeitest. Alle, die dir schreiben, bekommen dann auch diese Benachrichtigung. Man muss nat\u00fcrlich kulturell verankern, dass das auch akzeptiert wird. Gleichzeitig kann man da dann trotzdem Nachrichten durch dr\u00fccken.<\/p>\n<p><strong>Wie werden wir in zehn Jahren arbeiten?<\/strong><\/p>\n<p>Hoffentlich endlich ohne Fax. Das h\u00e4tte ich vor drei Jahren auch gedacht. Ich hoffe, dass die Mail in zehn Jahren ein Nebenprodukt ist oder sich anf\u00fchlt wie das Fax heute. Ich hoffe, dass wir dann menschenzentrierteer denken und die Digitalisierung nicht als Naturgewalt wahrnehmen. Wir sollten mit unserem Potenzial nicht nur blaue Daumen verteilen, sondern mehr Wirkkraft entfalten. Wenn das passiert, wird sich die Arbeit massiv ver\u00e4ndern. Bestenfalls gibt es den Begriff Coworking dann nicht mehr, weil es selbstverst\u00e4ndlich geworden ist, so zu arbeiten.<\/p>\n<p><strong>Und in 20?<\/strong><\/p>\n<p>Ich glaube, die gr\u00f6\u00dfte Herausforderung wird die Automatisierung sein, die man jetzt zur\u00fcckh\u00e4lt, weil man wei\u00df, was sie f\u00fcr eine gesellschaftspolitische Krise ausl\u00f6sen w\u00fcrde. Man k\u00f6nnte heute schon viel mehr digitalisieren und automatisieren. <a href=\"https:\/\/www.capital.de\/wirtschaft-politik\/bis-zu-zwei-drittel-aller-bankarbeitsplaetze-gehen-verloren-digitalisierung-fintech\" target=\"_blank\" rel=\"noopener noreferrer\">Man w\u00fcrde aber ganze Branchen arbeitslos machen<\/a>. Ich glaube, es ist nur eine Frage, bis das passiert. In 20 Jahren ben\u00f6tigen wir ein anderes Gesellschaftsmodell.<\/p>\n<p><strong>Das bedingungslose Grundeinkommen zum Beispiel?<\/strong><\/p>\n<p>Das ist ein guter Schritt. Aber wir m\u00fcssen den Menschen, die sich durch die <a href=\"https:\/\/www.capital.de\/wirtschaft-politik\/jobkiller-digitalisierung-warum-wir-einen-new-deal-brauchen\" target=\"_blank\" rel=\"noopener noreferrer\">Automatisierung<\/a> abgeh\u00e4ngt und hilflos f\u00fchlen, nicht nur Geld, sondern auch neue Perspektiven geben. Da geht es dann um eine andere Idee von Wertsch\u00f6pfung: Das hei\u00dft, wir m\u00fcssen es wertsch\u00e4tzen, wenn man seine kranken Eltern pflegt oder ehrenamtlich Trainer in einem Fu\u00dfballverein ist. Wir brauchen eine neue Definition von Arbeit.<\/p>\n<p><strong>Die hat dann aber nicht mehr viel mit Neoliberalismus zu tun oder mit unserer Idee der sozialen Marktwirtschaft.<\/strong><\/p>\n<p>Ja. Ich glaube, wir brauchen zwar das System. Aber jeder soll das tun, was er tun m\u00f6chte. Wenn man wirklich alles automatisiert, was man kann, riefe das aus jetziger Perspektive eine Arbeitslosenquote von 50 Prozent auf den Plan.<\/p>\n<p><strong>Aber mit dieser Zukunftsprognose besch\u00e4ftigen wir uns noch nicht genug. Warum nicht?<\/strong><\/p>\n<p>Weil es tabuisiert ist: Man m\u00fcsste jetzt radikale L\u00f6sungen auf den Tisch packen: Was ist Arbeit? Wollen wir das Grundeinkommen? Wie m\u00fcsste man die Schulausbildung ver\u00e4ndern? Stattdessen ist die einzige Maxime der Bundespolitik: Vollbesch\u00e4ftigung. Der Weg ist also noch weit. Es ist aber jetzt schon in der Gesellschaft zu sp\u00fcren, dass Digitalisierung und die Angst davor den Rechtspopulisten in die H\u00e4nde spielen.<\/p>\n<p><strong>Um diese Angst auszuhebeln, br\u00e4uchte man mehr positive Beispiele, wie man die Digitalisierung packt. Daran mangelt es aber.<\/strong><\/p>\n<p>Ja. Solange die gro\u00dfen Internetkonzerne die Digitalisierung pr\u00e4gen, so lange werden wir auf dem falschen Weg sein. Denn Facebook, Amazon, Google und Co., haben blo\u00df ein Ziel: maximalen Profit. Und den erreichen sie, in dem die Menschen sehr viel Zeit auf ihren Seiten verbringen und dort Werbeeinahmen erzielen. Dabei sollte man m\u00f6glichst wenig Zeit in den Apps verbringen. Wir wollen durch das Digitale Freiheit erlangen. Solange das noch nicht der Fall ist, ist die Politik gefordert.<\/p>\n<p><strong>Autorin<\/strong> &#8211; Elisa von Hof<\/p>\n<p><em>Quelle: <a href=\"https:\/\/www.capital.de\/wirtschaft-politik\/in-20-jahren-benoetigen-wir-ein-anderes-gesellschaeftsmodell\" target=\"_blank\" rel=\"noopener noreferrer\">Capital<\/a><\/em><\/p>\n","protected":false},"excerpt":{"rendered":"<p>Warum wir Arbeit ganz neu denken m\u00fcssen &#8211; ein Gespr\u00e4ch mit Ansgar Oberholz, New Work Pionier und Gr\u00fcnder des legend\u00e4ren [&hellip;]<\/p>\n","protected":false},"author":1,"featured_media":10388,"comment_status":"open","ping_status":"open","sticky":false,"template":"","format":"standard","meta":{"_monsterinsights_skip_tracking":false,"_uf_show_specific_survey":0,"_uf_disable_surveys":false,"site-sidebar-layout":"default","site-content-layout":"","ast-site-content-layout":"default","site-content-style":"default","site-sidebar-style":"default","ast-global-header-display":"","ast-banner-title-visibility":"","ast-main-header-display":"","ast-hfb-above-header-display":"","ast-hfb-below-header-display":"","ast-hfb-mobile-header-display":"","site-post-title":"","ast-breadcrumbs-content":"","ast-featured-img":"","footer-sml-layout":"","ast-disable-related-posts":"","theme-transparent-header-meta":"default","adv-header-id-meta":"","stick-header-meta":"","header-above-stick-meta":"","header-main-stick-meta":"","header-below-stick-meta":"","astra-migrate-meta-layouts":"default","ast-page-background-enabled":"default","ast-page-background-meta":{"desktop":{"background-color":"var(--ast-global-color-5)","background-image":"","background-repeat":"repeat","background-position":"center center","background-size":"auto","background-attachment":"scroll","background-type":"","background-media":"","overlay-type":"","overlay-color":"","overlay-opacity":"","overlay-gradient":""},"tablet":{"background-color":"","background-image":"","background-repeat":"repeat","background-position":"center center","background-size":"auto","background-attachment":"scroll","background-type":"","background-media":"","overlay-type":"","overlay-color":"","overlay-opacity":"","overlay-gradient":""},"mobile":{"background-color":"","background-image":"","background-repeat":"repeat","background-position":"center center","background-size":"auto","background-attachment":"scroll","background-type":"","background-media":"","overlay-type":"","overlay-color":"","overlay-opacity":"","overlay-gradient":""}},"ast-content-background-meta":{"desktop":{"background-color":"var(--ast-global-color-4)","background-image":"","background-repeat":"repeat","background-position":"center center","background-size":"auto","background-attachment":"scroll","background-type":"","background-media":"","overlay-type":"","overlay-color":"","overlay-opacity":"","overlay-gradient":""},"tablet":{"background-color":"var(--ast-global-color-4)","background-image":"","background-repeat":"repeat","background-position":"center center","background-size":"auto","background-attachment":"scroll","background-type":"","background-media":"","overlay-type":"","overlay-color":"","overlay-opacity":"","overlay-gradient":""},"mobile":{"background-color":"var(--ast-global-color-4)","background-image":"","background-repeat":"repeat","background-position":"center center","background-size":"auto","background-attachment":"scroll","background-type":"","background-media":"","overlay-type":"","overlay-color":"","overlay-opacity":"","overlay-gradient":""}},"footnotes":""},"categories":[12,537],"tags":[67],"class_list":["post-8395","post","type-post","status-publish","format-standard","has-post-thumbnail","hentry","category-karriere-und-bewerbung","category-new-ways-of-working-and-future-skills","tag-arbeiten-4_0-new-work-zukunftiges-arbeiten"],"aioseo_notices":[],"aioseo_head":"\n\t\t<!-- All in One SEO 5.0.0.1 - aioseo.com -->\n\t<meta name=\"description\" content=\"Warum wir Arbeit ganz neu denken m\u00fcssen - ein Gespr\u00e4ch mit Ansgar Oberholz, New Work Pionier und Gr\u00fcnder des legend\u00e4ren Cowork-Caf\u00e9s St. Oberholz in Berlin. Als er sein \u201eCoworking-Space\u201c vor 13 Jahren gegr\u00fcndet hat, da gab es diesen Begriff noch nicht mal. Es gab auch erst wenige Laptops mit W-LAN-M\u00f6glichkeit und Smartphones schon gar nicht. Heute\" \/>\n\t<meta name=\"robots\" content=\"max-image-preview:large\" \/>\n\t<meta name=\"author\" content=\"adminempiricus\"\/>\n\t<link rel=\"canonical\" href=\"https:\/\/empiricus.eu\/en\/in-20-jahren-benoetigen-wir-ein-anderes-gesellschaftsmodell-2-en\/\" \/>\n\t<meta name=\"generator\" content=\"All in One SEO (AIOSEO) 5.0.0.1\" \/>\n\t\t<meta property=\"og:locale\" content=\"en_US\" \/>\n\t\t<meta property=\"og:site_name\" content=\"IT Recruiting and Executive Advisory | empiricus GmbH -\" \/>\n\t\t<meta property=\"og:type\" content=\"article\" \/>\n\t\t<meta property=\"og:title\" content=\"\u201cIn 20 Jahren ben\u00f6tigen wir ein anderes Gesellschaftsmodell\u201d - IT Recruiting and Executive Advisory | empiricus GmbH\" \/>\n\t\t<meta property=\"og:description\" content=\"Warum wir Arbeit ganz neu denken m\u00fcssen - ein Gespr\u00e4ch mit Ansgar Oberholz, New Work Pionier und Gr\u00fcnder des legend\u00e4ren Cowork-Caf\u00e9s St. Oberholz in Berlin. Als er sein \u201eCoworking-Space\u201c vor 13 Jahren gegr\u00fcndet hat, da gab es diesen Begriff noch nicht mal. Es gab auch erst wenige Laptops mit W-LAN-M\u00f6glichkeit und Smartphones schon gar nicht. Heute\" \/>\n\t\t<meta property=\"og:url\" content=\"https:\/\/empiricus.eu\/en\/in-20-jahren-benoetigen-wir-ein-anderes-gesellschaftsmodell-2-en\/\" \/>\n\t\t<meta property=\"article:published_time\" content=\"2018-09-07T03:01:03+00:00\" \/>\n\t\t<meta property=\"article:modified_time\" content=\"2026-05-30T09:27:48+00:00\" \/>\n\t\t<meta name=\"twitter:card\" content=\"summary_large_image\" \/>\n\t\t<meta name=\"twitter:title\" content=\"\u201cIn 20 Jahren ben\u00f6tigen wir ein anderes Gesellschaftsmodell\u201d - IT Recruiting and Executive Advisory | empiricus GmbH\" \/>\n\t\t<meta name=\"twitter:description\" content=\"Warum wir Arbeit ganz neu denken m\u00fcssen - ein Gespr\u00e4ch mit Ansgar Oberholz, New Work Pionier und Gr\u00fcnder des legend\u00e4ren Cowork-Caf\u00e9s St. Oberholz in Berlin. Als er sein \u201eCoworking-Space\u201c vor 13 Jahren gegr\u00fcndet hat, da gab es diesen Begriff noch nicht mal. Es gab auch erst wenige Laptops mit W-LAN-M\u00f6glichkeit und Smartphones schon gar nicht. Heute\" \/>\n\t\t<script type=\"application\/ld+json\" class=\"aioseo-schema\">\n\t\t\t{\"@context\":\"https:\\\/\\\/schema.org\",\"@graph\":[{\"@type\":\"BlogPosting\",\"@id\":\"https:\\\/\\\/empiricus.eu\\\/en\\\/in-20-jahren-benoetigen-wir-ein-anderes-gesellschaftsmodell-2-en\\\/#blogposting\",\"name\":\"\\u201cIn 20 Jahren ben\\u00f6tigen wir ein anderes Gesellschaftsmodell\\u201d - IT Recruiting and Executive Advisory | empiricus GmbH\",\"headline\":\"&#8220;In 20 Jahren ben\\u00f6tigen wir ein anderes Gesellschaftsmodell&#8221;\",\"author\":{\"@id\":\"https:\\\/\\\/empiricus.eu\\\/en\\\/author\\\/adminempiricus\\\/#author\"},\"publisher\":{\"@id\":\"https:\\\/\\\/empiricus.eu\\\/en\\\/#organization\"},\"image\":{\"@type\":\"ImageObject\",\"url\":\"https:\\\/\\\/empiricus.eu\\\/wp-content\\\/uploads\\\/2026\\\/05\\\/blog_27.jpg\",\"width\":300,\"height\":293},\"datePublished\":\"2018-09-07T03:01:03+02:00\",\"dateModified\":\"2026-05-30T09:27:48+02:00\",\"inLanguage\":\"en-US\",\"mainEntityOfPage\":{\"@id\":\"https:\\\/\\\/empiricus.eu\\\/en\\\/in-20-jahren-benoetigen-wir-ein-anderes-gesellschaftsmodell-2-en\\\/#webpage\"},\"isPartOf\":{\"@id\":\"https:\\\/\\\/empiricus.eu\\\/en\\\/in-20-jahren-benoetigen-wir-ein-anderes-gesellschaftsmodell-2-en\\\/#webpage\"},\"articleSection\":\"Karriere und Bewerbung, New Ways of Working and Future Skills, Arbeiten 4_0 New Work zuk\\u00fcnftiges Arbeiten, Optional, Optional\"},{\"@type\":\"BreadcrumbList\",\"@id\":\"https:\\\/\\\/empiricus.eu\\\/en\\\/in-20-jahren-benoetigen-wir-ein-anderes-gesellschaftsmodell-2-en\\\/#breadcrumblist\",\"itemListElement\":[{\"@type\":\"ListItem\",\"@id\":\"https:\\\/\\\/empiricus.eu\\\/en\\\/#listItem\",\"position\":1,\"name\":\"Home\",\"item\":\"https:\\\/\\\/empiricus.eu\\\/en\\\/\",\"nextItem\":{\"@type\":\"ListItem\",\"@id\":\"https:\\\/\\\/empiricus.eu\\\/category\\\/karriere-und-bewerbung\\\/#listItem\",\"name\":\"Karriere und Bewerbung\"}},{\"@type\":\"ListItem\",\"@id\":\"https:\\\/\\\/empiricus.eu\\\/category\\\/karriere-und-bewerbung\\\/#listItem\",\"position\":2,\"name\":\"Karriere und Bewerbung\",\"item\":\"https:\\\/\\\/empiricus.eu\\\/category\\\/karriere-und-bewerbung\\\/\",\"nextItem\":{\"@type\":\"ListItem\",\"@id\":\"https:\\\/\\\/empiricus.eu\\\/en\\\/in-20-jahren-benoetigen-wir-ein-anderes-gesellschaftsmodell-2-en\\\/#listItem\",\"name\":\"&#8220;In 20 Jahren ben\\u00f6tigen wir ein anderes Gesellschaftsmodell&#8221;\"},\"previousItem\":{\"@type\":\"ListItem\",\"@id\":\"https:\\\/\\\/empiricus.eu\\\/en\\\/#listItem\",\"name\":\"Home\"}},{\"@type\":\"ListItem\",\"@id\":\"https:\\\/\\\/empiricus.eu\\\/en\\\/in-20-jahren-benoetigen-wir-ein-anderes-gesellschaftsmodell-2-en\\\/#listItem\",\"position\":3,\"name\":\"&#8220;In 20 Jahren ben\\u00f6tigen wir ein anderes Gesellschaftsmodell&#8221;\",\"previousItem\":{\"@type\":\"ListItem\",\"@id\":\"https:\\\/\\\/empiricus.eu\\\/category\\\/karriere-und-bewerbung\\\/#listItem\",\"name\":\"Karriere und Bewerbung\"}}]},{\"@type\":\"Organization\",\"@id\":\"https:\\\/\\\/empiricus.eu\\\/en\\\/#organization\",\"name\":\"IT Recruiting and Executive Advisory | empiricus GmbH\",\"url\":\"https:\\\/\\\/empiricus.eu\\\/en\\\/\"},{\"@type\":\"Person\",\"@id\":\"https:\\\/\\\/empiricus.eu\\\/en\\\/author\\\/adminempiricus\\\/#author\",\"url\":\"https:\\\/\\\/empiricus.eu\\\/en\\\/author\\\/adminempiricus\\\/\",\"name\":\"adminempiricus\",\"image\":{\"@type\":\"ImageObject\",\"@id\":\"https:\\\/\\\/empiricus.eu\\\/en\\\/in-20-jahren-benoetigen-wir-ein-anderes-gesellschaftsmodell-2-en\\\/#authorImage\",\"url\":\"https:\\\/\\\/secure.gravatar.com\\\/avatar\\\/219519c2adb9ca1437af93154ebfe0dc3a95fbe50c53f2a59ad5a5bfc5db0def?s=96&d=mm&r=g\",\"width\":96,\"height\":96,\"caption\":\"adminempiricus\"}},{\"@type\":\"WebPage\",\"@id\":\"https:\\\/\\\/empiricus.eu\\\/en\\\/in-20-jahren-benoetigen-wir-ein-anderes-gesellschaftsmodell-2-en\\\/#webpage\",\"url\":\"https:\\\/\\\/empiricus.eu\\\/en\\\/in-20-jahren-benoetigen-wir-ein-anderes-gesellschaftsmodell-2-en\\\/\",\"name\":\"\\u201cIn 20 Jahren ben\\u00f6tigen wir ein anderes Gesellschaftsmodell\\u201d - IT Recruiting and Executive Advisory | empiricus GmbH\",\"description\":\"Warum wir Arbeit ganz neu denken m\\u00fcssen - ein Gespr\\u00e4ch mit Ansgar Oberholz, New Work Pionier und Gr\\u00fcnder des legend\\u00e4ren Cowork-Caf\\u00e9s St. Oberholz in Berlin. Als er sein \\u201eCoworking-Space\\u201c vor 13 Jahren gegr\\u00fcndet hat, da gab es diesen Begriff noch nicht mal. Es gab auch erst wenige Laptops mit W-LAN-M\\u00f6glichkeit und Smartphones schon gar nicht. Heute\",\"inLanguage\":\"en-US\",\"isPartOf\":{\"@id\":\"https:\\\/\\\/empiricus.eu\\\/en\\\/#website\"},\"breadcrumb\":{\"@id\":\"https:\\\/\\\/empiricus.eu\\\/en\\\/in-20-jahren-benoetigen-wir-ein-anderes-gesellschaftsmodell-2-en\\\/#breadcrumblist\"},\"author\":{\"@id\":\"https:\\\/\\\/empiricus.eu\\\/en\\\/author\\\/adminempiricus\\\/#author\"},\"creator\":{\"@id\":\"https:\\\/\\\/empiricus.eu\\\/en\\\/author\\\/adminempiricus\\\/#author\"},\"image\":{\"@type\":\"ImageObject\",\"url\":\"https:\\\/\\\/empiricus.eu\\\/wp-content\\\/uploads\\\/2026\\\/05\\\/blog_27.jpg\",\"@id\":\"https:\\\/\\\/empiricus.eu\\\/en\\\/in-20-jahren-benoetigen-wir-ein-anderes-gesellschaftsmodell-2-en\\\/#mainImage\",\"width\":300,\"height\":293},\"primaryImageOfPage\":{\"@id\":\"https:\\\/\\\/empiricus.eu\\\/en\\\/in-20-jahren-benoetigen-wir-ein-anderes-gesellschaftsmodell-2-en\\\/#mainImage\"},\"datePublished\":\"2018-09-07T03:01:03+02:00\",\"dateModified\":\"2026-05-30T09:27:48+02:00\"},{\"@type\":\"WebSite\",\"@id\":\"https:\\\/\\\/empiricus.eu\\\/en\\\/#website\",\"url\":\"https:\\\/\\\/empiricus.eu\\\/en\\\/\",\"name\":\"IT Recruiting and Executive Advisory | empiricus GmbH\",\"inLanguage\":\"en-US\",\"publisher\":{\"@id\":\"https:\\\/\\\/empiricus.eu\\\/en\\\/#organization\"}}]}\n\t\t<\/script>\n\t\t<!-- All in One SEO -->\n\n","aioseo_head_json":{"title":"\u201cIn 20 Jahren ben\u00f6tigen wir ein anderes Gesellschaftsmodell\u201d - IT Recruiting and Executive Advisory | empiricus GmbH","description":"Warum wir Arbeit ganz neu denken m\u00fcssen - ein Gespr\u00e4ch mit Ansgar Oberholz, New Work Pionier und Gr\u00fcnder des legend\u00e4ren Cowork-Caf\u00e9s St. Oberholz in Berlin. Als er sein \u201eCoworking-Space\u201c vor 13 Jahren gegr\u00fcndet hat, da gab es diesen Begriff noch nicht mal. Es gab auch erst wenige Laptops mit W-LAN-M\u00f6glichkeit und Smartphones schon gar nicht. Heute","canonical_url":"https:\/\/empiricus.eu\/en\/in-20-jahren-benoetigen-wir-ein-anderes-gesellschaftsmodell-2-en\/","robots":"max-image-preview:large","keywords":"","webmasterTools":{"miscellaneous":""},"schema":{"@context":"https:\/\/schema.org","@graph":[{"@type":"BlogPosting","@id":"https:\/\/empiricus.eu\/en\/in-20-jahren-benoetigen-wir-ein-anderes-gesellschaftsmodell-2-en\/#blogposting","name":"\u201cIn 20 Jahren ben\u00f6tigen wir ein anderes Gesellschaftsmodell\u201d - IT Recruiting and Executive Advisory | empiricus GmbH","headline":"&#8220;In 20 Jahren ben\u00f6tigen wir ein anderes Gesellschaftsmodell&#8221;","author":{"@id":"https:\/\/empiricus.eu\/en\/author\/adminempiricus\/#author"},"publisher":{"@id":"https:\/\/empiricus.eu\/en\/#organization"},"image":{"@type":"ImageObject","url":"https:\/\/empiricus.eu\/wp-content\/uploads\/2026\/05\/blog_27.jpg","width":300,"height":293},"datePublished":"2018-09-07T03:01:03+02:00","dateModified":"2026-05-30T09:27:48+02:00","inLanguage":"en-US","mainEntityOfPage":{"@id":"https:\/\/empiricus.eu\/en\/in-20-jahren-benoetigen-wir-ein-anderes-gesellschaftsmodell-2-en\/#webpage"},"isPartOf":{"@id":"https:\/\/empiricus.eu\/en\/in-20-jahren-benoetigen-wir-ein-anderes-gesellschaftsmodell-2-en\/#webpage"},"articleSection":"Karriere und Bewerbung, New Ways of Working and Future Skills, Arbeiten 4_0 New Work zuk\u00fcnftiges Arbeiten, Optional, Optional"},{"@type":"BreadcrumbList","@id":"https:\/\/empiricus.eu\/en\/in-20-jahren-benoetigen-wir-ein-anderes-gesellschaftsmodell-2-en\/#breadcrumblist","itemListElement":[{"@type":"ListItem","@id":"https:\/\/empiricus.eu\/en\/#listItem","position":1,"name":"Home","item":"https:\/\/empiricus.eu\/en\/","nextItem":{"@type":"ListItem","@id":"https:\/\/empiricus.eu\/category\/karriere-und-bewerbung\/#listItem","name":"Karriere und Bewerbung"}},{"@type":"ListItem","@id":"https:\/\/empiricus.eu\/category\/karriere-und-bewerbung\/#listItem","position":2,"name":"Karriere und Bewerbung","item":"https:\/\/empiricus.eu\/category\/karriere-und-bewerbung\/","nextItem":{"@type":"ListItem","@id":"https:\/\/empiricus.eu\/en\/in-20-jahren-benoetigen-wir-ein-anderes-gesellschaftsmodell-2-en\/#listItem","name":"&#8220;In 20 Jahren ben\u00f6tigen wir ein anderes Gesellschaftsmodell&#8221;"},"previousItem":{"@type":"ListItem","@id":"https:\/\/empiricus.eu\/en\/#listItem","name":"Home"}},{"@type":"ListItem","@id":"https:\/\/empiricus.eu\/en\/in-20-jahren-benoetigen-wir-ein-anderes-gesellschaftsmodell-2-en\/#listItem","position":3,"name":"&#8220;In 20 Jahren ben\u00f6tigen wir ein anderes Gesellschaftsmodell&#8221;","previousItem":{"@type":"ListItem","@id":"https:\/\/empiricus.eu\/category\/karriere-und-bewerbung\/#listItem","name":"Karriere und Bewerbung"}}]},{"@type":"Organization","@id":"https:\/\/empiricus.eu\/en\/#organization","name":"IT Recruiting and Executive Advisory | empiricus GmbH","url":"https:\/\/empiricus.eu\/en\/"},{"@type":"Person","@id":"https:\/\/empiricus.eu\/en\/author\/adminempiricus\/#author","url":"https:\/\/empiricus.eu\/en\/author\/adminempiricus\/","name":"adminempiricus","image":{"@type":"ImageObject","@id":"https:\/\/empiricus.eu\/en\/in-20-jahren-benoetigen-wir-ein-anderes-gesellschaftsmodell-2-en\/#authorImage","url":"https:\/\/secure.gravatar.com\/avatar\/219519c2adb9ca1437af93154ebfe0dc3a95fbe50c53f2a59ad5a5bfc5db0def?s=96&d=mm&r=g","width":96,"height":96,"caption":"adminempiricus"}},{"@type":"WebPage","@id":"https:\/\/empiricus.eu\/en\/in-20-jahren-benoetigen-wir-ein-anderes-gesellschaftsmodell-2-en\/#webpage","url":"https:\/\/empiricus.eu\/en\/in-20-jahren-benoetigen-wir-ein-anderes-gesellschaftsmodell-2-en\/","name":"\u201cIn 20 Jahren ben\u00f6tigen wir ein anderes Gesellschaftsmodell\u201d - IT Recruiting and Executive Advisory | empiricus GmbH","description":"Warum wir Arbeit ganz neu denken m\u00fcssen - ein Gespr\u00e4ch mit Ansgar Oberholz, New Work Pionier und Gr\u00fcnder des legend\u00e4ren Cowork-Caf\u00e9s St. Oberholz in Berlin. Als er sein \u201eCoworking-Space\u201c vor 13 Jahren gegr\u00fcndet hat, da gab es diesen Begriff noch nicht mal. Es gab auch erst wenige Laptops mit W-LAN-M\u00f6glichkeit und Smartphones schon gar nicht. Heute","inLanguage":"en-US","isPartOf":{"@id":"https:\/\/empiricus.eu\/en\/#website"},"breadcrumb":{"@id":"https:\/\/empiricus.eu\/en\/in-20-jahren-benoetigen-wir-ein-anderes-gesellschaftsmodell-2-en\/#breadcrumblist"},"author":{"@id":"https:\/\/empiricus.eu\/en\/author\/adminempiricus\/#author"},"creator":{"@id":"https:\/\/empiricus.eu\/en\/author\/adminempiricus\/#author"},"image":{"@type":"ImageObject","url":"https:\/\/empiricus.eu\/wp-content\/uploads\/2026\/05\/blog_27.jpg","@id":"https:\/\/empiricus.eu\/en\/in-20-jahren-benoetigen-wir-ein-anderes-gesellschaftsmodell-2-en\/#mainImage","width":300,"height":293},"primaryImageOfPage":{"@id":"https:\/\/empiricus.eu\/en\/in-20-jahren-benoetigen-wir-ein-anderes-gesellschaftsmodell-2-en\/#mainImage"},"datePublished":"2018-09-07T03:01:03+02:00","dateModified":"2026-05-30T09:27:48+02:00"},{"@type":"WebSite","@id":"https:\/\/empiricus.eu\/en\/#website","url":"https:\/\/empiricus.eu\/en\/","name":"IT Recruiting and Executive Advisory | empiricus GmbH","inLanguage":"en-US","publisher":{"@id":"https:\/\/empiricus.eu\/en\/#organization"}}]},"og:locale":"en_US","og:site_name":"IT Recruiting and Executive Advisory | empiricus GmbH -","og:type":"article","og:title":"\u201cIn 20 Jahren ben\u00f6tigen wir ein anderes Gesellschaftsmodell\u201d - IT Recruiting and Executive Advisory | empiricus GmbH","og:description":"Warum wir Arbeit ganz neu denken m\u00fcssen - ein Gespr\u00e4ch mit Ansgar Oberholz, New Work Pionier und Gr\u00fcnder des legend\u00e4ren Cowork-Caf\u00e9s St. Oberholz in Berlin. Als er sein \u201eCoworking-Space\u201c vor 13 Jahren gegr\u00fcndet hat, da gab es diesen Begriff noch nicht mal. Es gab auch erst wenige Laptops mit W-LAN-M\u00f6glichkeit und Smartphones schon gar nicht. Heute","og:url":"https:\/\/empiricus.eu\/en\/in-20-jahren-benoetigen-wir-ein-anderes-gesellschaftsmodell-2-en\/","article:published_time":"2018-09-07T03:01:03+00:00","article:modified_time":"2026-05-30T09:27:48+00:00","twitter:card":"summary_large_image","twitter:title":"\u201cIn 20 Jahren ben\u00f6tigen wir ein anderes Gesellschaftsmodell\u201d - IT Recruiting and Executive Advisory | empiricus GmbH","twitter:description":"Warum wir Arbeit ganz neu denken m\u00fcssen - ein Gespr\u00e4ch mit Ansgar Oberholz, New Work Pionier und Gr\u00fcnder des legend\u00e4ren Cowork-Caf\u00e9s St. Oberholz in Berlin. Als er sein \u201eCoworking-Space\u201c vor 13 Jahren gegr\u00fcndet hat, da gab es diesen Begriff noch nicht mal. Es gab auch erst wenige Laptops mit W-LAN-M\u00f6glichkeit und Smartphones schon gar nicht. Heute"},"aioseo_meta_data":{"post_id":"8395","title":null,"description":null,"keywords":null,"keyphrases":null,"primary_term":null,"canonical_url":null,"og_title":null,"og_description":null,"og_object_type":"default","og_image_type":"default","og_image_custom_url":null,"og_image_custom_fields":null,"og_image_url":null,"og_image_width":null,"og_image_height":null,"og_video":null,"og_custom_url":null,"og_article_section":null,"og_article_tags":null,"twitter_use_og":false,"twitter_card":"default","twitter_image_type":"default","twitter_image_custom_url":null,"twitter_image_custom_fields":null,"twitter_image_url":null,"twitter_title":null,"twitter_description":null,"schema_type":"default","schema_type_options":null,"schema":{"blockGraphs":[],"customGraphs":[],"default":{"data":{"Article":[],"Course":[],"Dataset":[],"FAQPage":[],"Movie":[],"Person":[],"Product":[],"ProductReview":[],"Car":[],"Recipe":[],"Service":[],"SoftwareApplication":[],"WebPage":[]},"graphName":"","isEnabled":true},"graphs":[]},"pillar_content":false,"robots_default":true,"robots_noindex":false,"robots_noarchive":false,"robots_nosnippet":false,"robots_nofollow":false,"robots_noimageindex":false,"robots_noodp":false,"robots_notranslate":false,"robots_max_snippet":null,"robots_max_videopreview":null,"robots_max_imagepreview":"large","priority":null,"frequency":null,"local_seo":null,"limit_modified_date":false,"ai":null,"breadcrumb_settings":null,"seo_analyzer_scan_date":null,"created":"2026-07-27 08:27:26","updated":"2026-07-27 08:27:26","focus_keyword":null,"additional_keywords":null,"truseo_locale":null},"aioseo_breadcrumb":"<div class=\"aioseo-breadcrumbs\"><span class=\"aioseo-breadcrumb\">\n\t\t\t<a href=\"https:\/\/empiricus.eu\/en\/\" title=\"Home\">Home<\/a>\n\t\t<\/span><span class=\"aioseo-breadcrumb-separator\">&raquo;<\/span><span class=\"aioseo-breadcrumb\">\n\t\t\t<a href=\"https:\/\/empiricus.eu\/category\/karriere-und-bewerbung\/\" title=\"Karriere und Bewerbung\">Karriere und Bewerbung<\/a>\n\t\t<\/span><span class=\"aioseo-breadcrumb-separator\">&raquo;<\/span><span class=\"aioseo-breadcrumb\">\n\t\t\t\u201cIn 20 Jahren ben\u00f6tigen wir ein anderes Gesellschaftsmodell\u201d\n\t\t<\/span><\/div>","aioseo_breadcrumb_json":[{"label":"Home","link":"https:\/\/empiricus.eu\/en\/"},{"label":"Karriere und Bewerbung","link":"https:\/\/empiricus.eu\/category\/karriere-und-bewerbung\/"},{"label":"&#8220;In 20 Jahren ben\u00f6tigen wir ein anderes Gesellschaftsmodell&#8221;","link":"https:\/\/empiricus.eu\/en\/in-20-jahren-benoetigen-wir-ein-anderes-gesellschaftsmodell-2-en\/"}],"_links":{"self":[{"href":"https:\/\/empiricus.eu\/en\/wp-json\/wp\/v2\/posts\/8395","targetHints":{"allow":["GET"]}}],"collection":[{"href":"https:\/\/empiricus.eu\/en\/wp-json\/wp\/v2\/posts"}],"about":[{"href":"https:\/\/empiricus.eu\/en\/wp-json\/wp\/v2\/types\/post"}],"author":[{"embeddable":true,"href":"https:\/\/empiricus.eu\/en\/wp-json\/wp\/v2\/users\/1"}],"replies":[{"embeddable":true,"href":"https:\/\/empiricus.eu\/en\/wp-json\/wp\/v2\/comments?post=8395"}],"version-history":[{"count":0,"href":"https:\/\/empiricus.eu\/en\/wp-json\/wp\/v2\/posts\/8395\/revisions"}],"wp:featuredmedia":[{"embeddable":true,"href":"https:\/\/empiricus.eu\/en\/wp-json\/wp\/v2\/media\/10388"}],"wp:attachment":[{"href":"https:\/\/empiricus.eu\/en\/wp-json\/wp\/v2\/media?parent=8395"}],"wp:term":[{"taxonomy":"category","embeddable":true,"href":"https:\/\/empiricus.eu\/en\/wp-json\/wp\/v2\/categories?post=8395"},{"taxonomy":"post_tag","embeddable":true,"href":"https:\/\/empiricus.eu\/en\/wp-json\/wp\/v2\/tags?post=8395"}],"curies":[{"name":"wp","href":"https:\/\/api.w.org\/{rel}","templated":true}]}}