{"id":8392,"date":"2026-05-30T09:27:48","date_gmt":"2026-05-30T09:27:48","guid":{"rendered":"https:\/\/dev.empiricus.eu\/bei-der-digitalen-transformation-geht-es-um-haltung-und-werte-und-nicht-um-technologie-2-en\/"},"modified":"2026-05-30T09:27:48","modified_gmt":"2026-05-30T09:27:48","slug":"bei-der-digitalen-transformation-geht-es-um-haltung-und-werte-und-nicht-um-technologie-2-en","status":"publish","type":"post","link":"https:\/\/empiricus.eu\/en\/bei-der-digitalen-transformation-geht-es-um-haltung-und-werte-und-nicht-um-technologie-2-en\/","title":{"rendered":"&#8220;Bei der digitalen Transformation geht es um Haltung und Werte und nicht um Technologie&#8221;"},"content":{"rendered":"<p><strong><em>Das 2. Dialogforum zur \u201eZukunft der Arbeit\u201c stand ganz im Zeichen der Debatte um die digitale Transformation von Wirtschaft und Gesellschaft. Spitzenvertreter deutscher Unternehmen sowie digitale Vordenker diskutierten intensiv dar\u00fcber, wie es gelingen kann, den grundlegenden Wandel verantwortlich zu gestalten.<\/em><\/strong><\/p>\n<p>In ihrer Begr\u00fc\u00dfungsansprache wies Liz Mohn auf die gro\u00dfen Chancen der Digitalisierung hin, aber auch auf deren Risiken. Aber unbestreitbar sei, dass die digitale Revolution die Art und Weise, wie wir arbeiten und leben, dramatisch ver\u00e4ndert.<\/p>\n<p>Alexander Birken, Vorstandsvorsitzender der Otto Group, umriss mit drei Thesen die Anforderungen an die Gestaltung der digitalen Transformation und gab damit den ersten Impuls f\u00fcr die Diskussion.<\/p>\n<h2>Unternehmen m\u00fcssen Orientierung geben.<\/h2>\n<p>Mit ihm waren sich die Diskutanten einig, dass den Unternehmen aus der rasanten digitalen Transformation der Gesch\u00e4ftsmodelle ein hohes Ma\u00df an Verantwortung erw\u00e4chst. Haltung und Werte sind die Schl\u00fcsselfaktoren f\u00fcr eine verantwortungsbewusste Gestaltung der Ver\u00e4nderungsprozesse, die auf den Traditionen der familien- und inhabergef\u00fchrten Unternehmen aufbauen und diese fortschreiben. Um der ohnehin zu beobachtenden Vertrauenskrise in der Gesellschaft zu begegnen, die durch Zukunfts\u00e4ngste der Menschen noch verst\u00e4rkt werde, sei jedoch ein gesellschaftlicher Schulterschluss aller relevanten Akteure n\u00f6tig.<\/p>\n<h2>Unternehmen m\u00fcssen Offenheit, Transparenz und Partizipation leben.<\/h2>\n<p>Die gr\u00f6\u00dfte Herausforderung f\u00fcr die Unternehmen ist es, der Unsicherheit der Besch\u00e4ftigten zu begegnen und Vertrauen aufzubauen, auch wenn die Geschwindigkeit, wie sich die Gesch\u00e4fte transformieren enorm ist. Dabei m\u00fcsse auch in unterschiedlichen Zuk\u00fcnften der Arbeit gedacht werden. Welche Zumutungen dadurch f\u00fcr Besch\u00e4ftigte und F\u00fchrungskr\u00e4fte entstehen wurde in den sehr pers\u00f6nlichen Erfahrungsberichten der Teilnehmenden deutlich.<\/p>\n<h2>Zukunft entscheidet sich in den Unternehmen.<\/h2>\n<p>Einer der wesentlichen Ansatzpunkte, um die Besch\u00e4ftigten auf dem Weg in die digitale Arbeitswelt mitzunehmen ist die Sicherung der Besch\u00e4ftigungsf\u00e4higkeit. Unternehmen m\u00fcssen massiv in Weiterbildung investieren und dabei auf neue Formen des Lernens und der Wissensvermittlung setzen. Ob \u201eSocial Badges\u201c oder KI-unterst\u00fctzte Lernplattformen im Einsatz sind \u2013 klar ist, dass Weiterbildung individueller und selbstbestimmter wird. Sich von Vertrautem zu verabschieden (\u201clearn to unlearn\u201c), neue Verhaltensweisen auszuprobieren und umzusetzen, ben\u00f6tigt aber auch eine grundlegende Ver\u00e4nderung von Kultur und F\u00fchrungsverst\u00e4ndnis im Unternehmen. Es gibt keine Blaupause f\u00fcr die digitale Transformation, soviel wurde in der Diskussion deutlich, aber Grundprinzipien f\u00fcr deren Gestaltung, die auf Wertsch\u00e4tzung, Beteiligung und Selbstorganisation beruhen.<\/p>\n<p>Im zweiten Impuls stellte Lena-Sophie M\u00fcller, Gesch\u00e4ftsf\u00fchrerin der Initiative D21 \u2013 Deutschlands gr\u00f6\u00dftem gemeinn\u00fctzigen Netzwerk f\u00fcr die digitale Gesellschaft, <a href=\"https:\/\/initiatived21.de\/app\/uploads\/2019\/01\/d21_index2018_2019.pdf\" target=\"_blank\" rel=\"noopener noreferrer\">aktuelle Daten des D21 Digital Index<\/a> vor. Sie \u00f6ffnete damit den Blick auf die gesellschaftlichen Herausforderungen der Digitalisierung und die Frage, wie sich z.B. Aus- und Weiterbildungssysteme weiterentwickeln m\u00fcssen, um den digitalen Wandel chancenorientiert zu gestalten.<\/p>\n<p><strong><em>\u00dcber die Autorin<\/em><\/strong><\/p>\n<p><em><a href=\"http:\/\/www.ingahoeltmann.de\" target=\"_blank\" rel=\"noopener noreferrer\">Inga H\u00f6ltmann<\/a> ist Expertin f\u00fcr die Themen Kulturwandel in Unternehmen, New Work und Digital Leadership. Sie ist Gr\u00fcnderin der \u201c<a href=\"http:\/\/accelerate-academy.de\/\" target=\"_blank\" rel=\"noopener noreferrer\">Accelerate Academy<\/a>\u201d, einer Plattform f\u00fcr neue Lernkonzepte rund um neue Arbeit und moderne F\u00fchrung in Unternehmen, und ausgebildete Wirtschaftsjournalistin, zu ihren Auftraggebern geh\u00f6ren der Berliner Tagesspiegel und der Deutschlandfunk Kultur. Bekannt ist sie auch f\u00fcr\u00a0<a href=\"http:\/\/ingahoeltmann.de\/newsletter\/\" target=\"_blank\" rel=\"noopener noreferrer\">ihren erfolgreichen Newsletter zu<\/a>\u00a0diesen Themen.<\/em><\/p>\n<p>Quelle: <a href=\"https:\/\/www.zukunftderarbeit.de\/2019\/03\/11\/bei-der-digitalen-transformation-geht-es-um-haltung-und-werte-und-nicht-um-technologie\/\" target=\"_blank\" rel=\"noopener noreferrer\">Zukunft der Arbeit<\/a><\/p>\n","protected":false},"excerpt":{"rendered":"<p>Das 2. Dialogforum zur \u201eZukunft der Arbeit\u201c stand ganz im Zeichen der Debatte um die digitale Transformation von Wirtschaft und [&hellip;]<\/p>\n","protected":false},"author":1,"featured_media":5692,"comment_status":"open","ping_status":"open","sticky":false,"template":"","format":"standard","meta":{"_monsterinsights_skip_tracking":false,"_uf_show_specific_survey":0,"_uf_disable_surveys":false,"site-sidebar-layout":"default","site-content-layout":"","ast-site-content-layout":"default","site-content-style":"default","site-sidebar-style":"default","ast-global-header-display":"","ast-banner-title-visibility":"","ast-main-header-display":"","ast-hfb-above-header-display":"","ast-hfb-below-header-display":"","ast-hfb-mobile-header-display":"","site-post-title":"","ast-breadcrumbs-content":"","ast-featured-img":"","footer-sml-layout":"","ast-disable-related-posts":"","theme-transparent-header-meta":"default","adv-header-id-meta":"","stick-header-meta":"","header-above-stick-meta":"","header-main-stick-meta":"","header-below-stick-meta":"","astra-migrate-meta-layouts":"set","ast-page-background-enabled":"default","ast-page-background-meta":{"desktop":{"background-color":"var(--ast-global-color-5)","background-image":"","background-repeat":"repeat","background-position":"center center","background-size":"auto","background-attachment":"scroll","background-type":"","background-media":"","overlay-type":"","overlay-color":"","overlay-opacity":"","overlay-gradient":""},"tablet":{"background-color":"","background-image":"","background-repeat":"repeat","background-position":"center center","background-size":"auto","background-attachment":"scroll","background-type":"","background-media":"","overlay-type":"","overlay-color":"","overlay-opacity":"","overlay-gradient":""},"mobile":{"background-color":"","background-image":"","background-repeat":"repeat","background-position":"center center","background-size":"auto","background-attachment":"scroll","background-type":"","background-media":"","overlay-type":"","overlay-color":"","overlay-opacity":"","overlay-gradient":""}},"ast-content-background-meta":{"desktop":{"background-color":"var(--ast-global-color-4)","background-image":"","background-repeat":"repeat","background-position":"center center","background-size":"auto","background-attachment":"scroll","background-type":"","background-media":"","overlay-type":"","overlay-color":"","overlay-opacity":"","overlay-gradient":""},"tablet":{"background-color":"var(--ast-global-color-4)","background-image":"","background-repeat":"repeat","background-position":"center center","background-size":"auto","background-attachment":"scroll","background-type":"","background-media":"","overlay-type":"","overlay-color":"","overlay-opacity":"","overlay-gradient":""},"mobile":{"background-color":"var(--ast-global-color-4)","background-image":"","background-repeat":"repeat","background-position":"center center","background-size":"auto","background-attachment":"scroll","background-type":"","background-media":"","overlay-type":"","overlay-color":"","overlay-opacity":"","overlay-gradient":""}},"footnotes":""},"categories":[1090,10],"tags":[61],"class_list":["post-8392","post","type-post","status-publish","format-standard","has-post-thumbnail","hentry","category-ai-and-digital-transformation","category-ki-und-digitale-transformation","tag-arbeiten-4_0-digitalisierung-fuhrungskultur-new-work-unternehmenskultur-werte-zukunftiges-arbeiten"],"aioseo_notices":[],"aioseo_head":"\n\t\t<!-- All in One SEO 5.0.0.1 - aioseo.com -->\n\t<meta name=\"description\" content=\"Das 2. Dialogforum zur \u201eZukunft der Arbeit\u201c stand ganz im Zeichen der Debatte um die digitale Transformation von Wirtschaft und Gesellschaft. Spitzenvertreter deutscher Unternehmen sowie digitale Vordenker diskutierten intensiv dar\u00fcber, wie es gelingen kann, den grundlegenden Wandel verantwortlich zu gestalten. In ihrer Begr\u00fc\u00dfungsansprache wies Liz Mohn auf die gro\u00dfen Chancen der Digitalisierung hin, aber auch\" \/>\n\t<meta name=\"robots\" content=\"max-image-preview:large\" \/>\n\t<meta name=\"author\" content=\"adminempiricus\"\/>\n\t<link rel=\"canonical\" href=\"https:\/\/empiricus.eu\/en\/bei-der-digitalen-transformation-geht-es-um-haltung-und-werte-und-nicht-um-technologie-2-en\/\" \/>\n\t<meta name=\"generator\" content=\"All in One SEO (AIOSEO) 5.0.0.1\" \/>\n\t\t<meta property=\"og:locale\" content=\"en_US\" \/>\n\t\t<meta property=\"og:site_name\" content=\"IT Recruiting and Executive Advisory | empiricus GmbH -\" \/>\n\t\t<meta property=\"og:type\" content=\"article\" \/>\n\t\t<meta property=\"og:title\" content=\"\u201cBei der digitalen Transformation geht es um Haltung und Werte und nicht um Technologie\u201d - IT Recruiting and Executive Advisory | empiricus GmbH\" \/>\n\t\t<meta property=\"og:description\" content=\"Das 2. Dialogforum zur \u201eZukunft der Arbeit\u201c stand ganz im Zeichen der Debatte um die digitale Transformation von Wirtschaft und Gesellschaft. Spitzenvertreter deutscher Unternehmen sowie digitale Vordenker diskutierten intensiv dar\u00fcber, wie es gelingen kann, den grundlegenden Wandel verantwortlich zu gestalten. In ihrer Begr\u00fc\u00dfungsansprache wies Liz Mohn auf die gro\u00dfen Chancen der Digitalisierung hin, aber auch\" \/>\n\t\t<meta property=\"og:url\" content=\"https:\/\/empiricus.eu\/en\/bei-der-digitalen-transformation-geht-es-um-haltung-und-werte-und-nicht-um-technologie-2-en\/\" \/>\n\t\t<meta property=\"article:published_time\" content=\"2026-05-30T09:27:48+00:00\" \/>\n\t\t<meta property=\"article:modified_time\" content=\"2026-05-30T09:27:48+00:00\" \/>\n\t\t<meta name=\"twitter:card\" content=\"summary_large_image\" \/>\n\t\t<meta name=\"twitter:title\" content=\"\u201cBei der digitalen Transformation geht es um Haltung und Werte und nicht um Technologie\u201d - IT Recruiting and Executive Advisory | empiricus GmbH\" \/>\n\t\t<meta name=\"twitter:description\" content=\"Das 2. Dialogforum zur \u201eZukunft der Arbeit\u201c stand ganz im Zeichen der Debatte um die digitale Transformation von Wirtschaft und Gesellschaft. Spitzenvertreter deutscher Unternehmen sowie digitale Vordenker diskutierten intensiv dar\u00fcber, wie es gelingen kann, den grundlegenden Wandel verantwortlich zu gestalten. In ihrer Begr\u00fc\u00dfungsansprache wies Liz Mohn auf die gro\u00dfen Chancen der Digitalisierung hin, aber auch\" \/>\n\t\t<script type=\"application\/ld+json\" class=\"aioseo-schema\">\n\t\t\t{\"@context\":\"https:\\\/\\\/schema.org\",\"@graph\":[{\"@type\":\"BlogPosting\",\"@id\":\"https:\\\/\\\/empiricus.eu\\\/en\\\/bei-der-digitalen-transformation-geht-es-um-haltung-und-werte-und-nicht-um-technologie-2-en\\\/#blogposting\",\"name\":\"\\u201cBei der digitalen Transformation geht es um Haltung und Werte und nicht um Technologie\\u201d - IT Recruiting and Executive Advisory | empiricus GmbH\",\"headline\":\"&#8220;Bei der digitalen Transformation geht es um Haltung und Werte und nicht um Technologie&#8221;\",\"author\":{\"@id\":\"https:\\\/\\\/empiricus.eu\\\/en\\\/author\\\/adminempiricus\\\/#author\"},\"publisher\":{\"@id\":\"https:\\\/\\\/empiricus.eu\\\/en\\\/#organization\"},\"image\":{\"@type\":\"ImageObject\",\"url\":\"https:\\\/\\\/empiricus.eu\\\/wp-content\\\/uploads\\\/2026\\\/05\\\/blog_38.jpg\",\"width\":300,\"height\":293},\"datePublished\":\"2026-05-30T09:27:48+02:00\",\"dateModified\":\"2026-05-30T09:27:48+02:00\",\"inLanguage\":\"en-US\",\"mainEntityOfPage\":{\"@id\":\"https:\\\/\\\/empiricus.eu\\\/en\\\/bei-der-digitalen-transformation-geht-es-um-haltung-und-werte-und-nicht-um-technologie-2-en\\\/#webpage\"},\"isPartOf\":{\"@id\":\"https:\\\/\\\/empiricus.eu\\\/en\\\/bei-der-digitalen-transformation-geht-es-um-haltung-und-werte-und-nicht-um-technologie-2-en\\\/#webpage\"},\"articleSection\":\"AI and Digital Transformation, KI und digitale Transformation, Arbeiten 4_0 Digitalisierung F\\u00fchrungskultur New Work Unternehmenskultur Werte zuk\\u00fcnftiges Arbeiten, Optional, Optional\"},{\"@type\":\"BreadcrumbList\",\"@id\":\"https:\\\/\\\/empiricus.eu\\\/en\\\/bei-der-digitalen-transformation-geht-es-um-haltung-und-werte-und-nicht-um-technologie-2-en\\\/#breadcrumblist\",\"itemListElement\":[{\"@type\":\"ListItem\",\"@id\":\"https:\\\/\\\/empiricus.eu\\\/en\\\/#listItem\",\"position\":1,\"name\":\"Home\",\"item\":\"https:\\\/\\\/empiricus.eu\\\/en\\\/\",\"nextItem\":{\"@type\":\"ListItem\",\"@id\":\"https:\\\/\\\/empiricus.eu\\\/category\\\/ki-und-digitale-transformation\\\/#listItem\",\"name\":\"KI und digitale Transformation\"}},{\"@type\":\"ListItem\",\"@id\":\"https:\\\/\\\/empiricus.eu\\\/category\\\/ki-und-digitale-transformation\\\/#listItem\",\"position\":2,\"name\":\"KI und digitale Transformation\",\"item\":\"https:\\\/\\\/empiricus.eu\\\/category\\\/ki-und-digitale-transformation\\\/\",\"nextItem\":{\"@type\":\"ListItem\",\"@id\":\"https:\\\/\\\/empiricus.eu\\\/en\\\/bei-der-digitalen-transformation-geht-es-um-haltung-und-werte-und-nicht-um-technologie-2-en\\\/#listItem\",\"name\":\"&#8220;Bei der digitalen Transformation geht es um Haltung und Werte und nicht um Technologie&#8221;\"},\"previousItem\":{\"@type\":\"ListItem\",\"@id\":\"https:\\\/\\\/empiricus.eu\\\/en\\\/#listItem\",\"name\":\"Home\"}},{\"@type\":\"ListItem\",\"@id\":\"https:\\\/\\\/empiricus.eu\\\/en\\\/bei-der-digitalen-transformation-geht-es-um-haltung-und-werte-und-nicht-um-technologie-2-en\\\/#listItem\",\"position\":3,\"name\":\"&#8220;Bei der digitalen Transformation geht es um Haltung und Werte und nicht um Technologie&#8221;\",\"previousItem\":{\"@type\":\"ListItem\",\"@id\":\"https:\\\/\\\/empiricus.eu\\\/category\\\/ki-und-digitale-transformation\\\/#listItem\",\"name\":\"KI und digitale Transformation\"}}]},{\"@type\":\"Organization\",\"@id\":\"https:\\\/\\\/empiricus.eu\\\/en\\\/#organization\",\"name\":\"IT Recruiting and Executive Advisory | empiricus GmbH\",\"url\":\"https:\\\/\\\/empiricus.eu\\\/en\\\/\"},{\"@type\":\"Person\",\"@id\":\"https:\\\/\\\/empiricus.eu\\\/en\\\/author\\\/adminempiricus\\\/#author\",\"url\":\"https:\\\/\\\/empiricus.eu\\\/en\\\/author\\\/adminempiricus\\\/\",\"name\":\"adminempiricus\",\"image\":{\"@type\":\"ImageObject\",\"@id\":\"https:\\\/\\\/empiricus.eu\\\/en\\\/bei-der-digitalen-transformation-geht-es-um-haltung-und-werte-und-nicht-um-technologie-2-en\\\/#authorImage\",\"url\":\"https:\\\/\\\/secure.gravatar.com\\\/avatar\\\/219519c2adb9ca1437af93154ebfe0dc3a95fbe50c53f2a59ad5a5bfc5db0def?s=96&d=mm&r=g\",\"width\":96,\"height\":96,\"caption\":\"adminempiricus\"}},{\"@type\":\"WebPage\",\"@id\":\"https:\\\/\\\/empiricus.eu\\\/en\\\/bei-der-digitalen-transformation-geht-es-um-haltung-und-werte-und-nicht-um-technologie-2-en\\\/#webpage\",\"url\":\"https:\\\/\\\/empiricus.eu\\\/en\\\/bei-der-digitalen-transformation-geht-es-um-haltung-und-werte-und-nicht-um-technologie-2-en\\\/\",\"name\":\"\\u201cBei der digitalen Transformation geht es um Haltung und Werte und nicht um Technologie\\u201d - IT Recruiting and Executive Advisory | empiricus GmbH\",\"description\":\"Das 2. Dialogforum zur \\u201eZukunft der Arbeit\\u201c stand ganz im Zeichen der Debatte um die digitale Transformation von Wirtschaft und Gesellschaft. Spitzenvertreter deutscher Unternehmen sowie digitale Vordenker diskutierten intensiv dar\\u00fcber, wie es gelingen kann, den grundlegenden Wandel verantwortlich zu gestalten. In ihrer Begr\\u00fc\\u00dfungsansprache wies Liz Mohn auf die gro\\u00dfen Chancen der Digitalisierung hin, aber auch\",\"inLanguage\":\"en-US\",\"isPartOf\":{\"@id\":\"https:\\\/\\\/empiricus.eu\\\/en\\\/#website\"},\"breadcrumb\":{\"@id\":\"https:\\\/\\\/empiricus.eu\\\/en\\\/bei-der-digitalen-transformation-geht-es-um-haltung-und-werte-und-nicht-um-technologie-2-en\\\/#breadcrumblist\"},\"author\":{\"@id\":\"https:\\\/\\\/empiricus.eu\\\/en\\\/author\\\/adminempiricus\\\/#author\"},\"creator\":{\"@id\":\"https:\\\/\\\/empiricus.eu\\\/en\\\/author\\\/adminempiricus\\\/#author\"},\"image\":{\"@type\":\"ImageObject\",\"url\":\"https:\\\/\\\/empiricus.eu\\\/wp-content\\\/uploads\\\/2026\\\/05\\\/blog_38.jpg\",\"@id\":\"https:\\\/\\\/empiricus.eu\\\/en\\\/bei-der-digitalen-transformation-geht-es-um-haltung-und-werte-und-nicht-um-technologie-2-en\\\/#mainImage\",\"width\":300,\"height\":293},\"primaryImageOfPage\":{\"@id\":\"https:\\\/\\\/empiricus.eu\\\/en\\\/bei-der-digitalen-transformation-geht-es-um-haltung-und-werte-und-nicht-um-technologie-2-en\\\/#mainImage\"},\"datePublished\":\"2026-05-30T09:27:48+02:00\",\"dateModified\":\"2026-05-30T09:27:48+02:00\"},{\"@type\":\"WebSite\",\"@id\":\"https:\\\/\\\/empiricus.eu\\\/en\\\/#website\",\"url\":\"https:\\\/\\\/empiricus.eu\\\/en\\\/\",\"name\":\"IT Recruiting and Executive Advisory | empiricus GmbH\",\"inLanguage\":\"en-US\",\"publisher\":{\"@id\":\"https:\\\/\\\/empiricus.eu\\\/en\\\/#organization\"}}]}\n\t\t<\/script>\n\t\t<!-- All in One SEO -->\n\n","aioseo_head_json":{"title":"\u201cBei der digitalen Transformation geht es um Haltung und Werte und nicht um Technologie\u201d - IT Recruiting and Executive Advisory | empiricus GmbH","description":"Das 2. Dialogforum zur \u201eZukunft der Arbeit\u201c stand ganz im Zeichen der Debatte um die digitale Transformation von Wirtschaft und Gesellschaft. Spitzenvertreter deutscher Unternehmen sowie digitale Vordenker diskutierten intensiv dar\u00fcber, wie es gelingen kann, den grundlegenden Wandel verantwortlich zu gestalten. In ihrer Begr\u00fc\u00dfungsansprache wies Liz Mohn auf die gro\u00dfen Chancen der Digitalisierung hin, aber auch","canonical_url":"https:\/\/empiricus.eu\/en\/bei-der-digitalen-transformation-geht-es-um-haltung-und-werte-und-nicht-um-technologie-2-en\/","robots":"max-image-preview:large","keywords":"","webmasterTools":{"miscellaneous":""},"schema":{"@context":"https:\/\/schema.org","@graph":[{"@type":"BlogPosting","@id":"https:\/\/empiricus.eu\/en\/bei-der-digitalen-transformation-geht-es-um-haltung-und-werte-und-nicht-um-technologie-2-en\/#blogposting","name":"\u201cBei der digitalen Transformation geht es um Haltung und Werte und nicht um Technologie\u201d - IT Recruiting and Executive Advisory | empiricus GmbH","headline":"&#8220;Bei der digitalen Transformation geht es um Haltung und Werte und nicht um Technologie&#8221;","author":{"@id":"https:\/\/empiricus.eu\/en\/author\/adminempiricus\/#author"},"publisher":{"@id":"https:\/\/empiricus.eu\/en\/#organization"},"image":{"@type":"ImageObject","url":"https:\/\/empiricus.eu\/wp-content\/uploads\/2026\/05\/blog_38.jpg","width":300,"height":293},"datePublished":"2026-05-30T09:27:48+02:00","dateModified":"2026-05-30T09:27:48+02:00","inLanguage":"en-US","mainEntityOfPage":{"@id":"https:\/\/empiricus.eu\/en\/bei-der-digitalen-transformation-geht-es-um-haltung-und-werte-und-nicht-um-technologie-2-en\/#webpage"},"isPartOf":{"@id":"https:\/\/empiricus.eu\/en\/bei-der-digitalen-transformation-geht-es-um-haltung-und-werte-und-nicht-um-technologie-2-en\/#webpage"},"articleSection":"AI and Digital Transformation, KI und digitale Transformation, Arbeiten 4_0 Digitalisierung F\u00fchrungskultur New Work Unternehmenskultur Werte zuk\u00fcnftiges Arbeiten, Optional, Optional"},{"@type":"BreadcrumbList","@id":"https:\/\/empiricus.eu\/en\/bei-der-digitalen-transformation-geht-es-um-haltung-und-werte-und-nicht-um-technologie-2-en\/#breadcrumblist","itemListElement":[{"@type":"ListItem","@id":"https:\/\/empiricus.eu\/en\/#listItem","position":1,"name":"Home","item":"https:\/\/empiricus.eu\/en\/","nextItem":{"@type":"ListItem","@id":"https:\/\/empiricus.eu\/category\/ki-und-digitale-transformation\/#listItem","name":"KI und digitale Transformation"}},{"@type":"ListItem","@id":"https:\/\/empiricus.eu\/category\/ki-und-digitale-transformation\/#listItem","position":2,"name":"KI und digitale Transformation","item":"https:\/\/empiricus.eu\/category\/ki-und-digitale-transformation\/","nextItem":{"@type":"ListItem","@id":"https:\/\/empiricus.eu\/en\/bei-der-digitalen-transformation-geht-es-um-haltung-und-werte-und-nicht-um-technologie-2-en\/#listItem","name":"&#8220;Bei der digitalen Transformation geht es um Haltung und Werte und nicht um Technologie&#8221;"},"previousItem":{"@type":"ListItem","@id":"https:\/\/empiricus.eu\/en\/#listItem","name":"Home"}},{"@type":"ListItem","@id":"https:\/\/empiricus.eu\/en\/bei-der-digitalen-transformation-geht-es-um-haltung-und-werte-und-nicht-um-technologie-2-en\/#listItem","position":3,"name":"&#8220;Bei der digitalen Transformation geht es um Haltung und Werte und nicht um Technologie&#8221;","previousItem":{"@type":"ListItem","@id":"https:\/\/empiricus.eu\/category\/ki-und-digitale-transformation\/#listItem","name":"KI und digitale Transformation"}}]},{"@type":"Organization","@id":"https:\/\/empiricus.eu\/en\/#organization","name":"IT Recruiting and Executive Advisory | empiricus GmbH","url":"https:\/\/empiricus.eu\/en\/"},{"@type":"Person","@id":"https:\/\/empiricus.eu\/en\/author\/adminempiricus\/#author","url":"https:\/\/empiricus.eu\/en\/author\/adminempiricus\/","name":"adminempiricus","image":{"@type":"ImageObject","@id":"https:\/\/empiricus.eu\/en\/bei-der-digitalen-transformation-geht-es-um-haltung-und-werte-und-nicht-um-technologie-2-en\/#authorImage","url":"https:\/\/secure.gravatar.com\/avatar\/219519c2adb9ca1437af93154ebfe0dc3a95fbe50c53f2a59ad5a5bfc5db0def?s=96&d=mm&r=g","width":96,"height":96,"caption":"adminempiricus"}},{"@type":"WebPage","@id":"https:\/\/empiricus.eu\/en\/bei-der-digitalen-transformation-geht-es-um-haltung-und-werte-und-nicht-um-technologie-2-en\/#webpage","url":"https:\/\/empiricus.eu\/en\/bei-der-digitalen-transformation-geht-es-um-haltung-und-werte-und-nicht-um-technologie-2-en\/","name":"\u201cBei der digitalen Transformation geht es um Haltung und Werte und nicht um Technologie\u201d - IT Recruiting and Executive Advisory | empiricus GmbH","description":"Das 2. Dialogforum zur \u201eZukunft der Arbeit\u201c stand ganz im Zeichen der Debatte um die digitale Transformation von Wirtschaft und Gesellschaft. Spitzenvertreter deutscher Unternehmen sowie digitale Vordenker diskutierten intensiv dar\u00fcber, wie es gelingen kann, den grundlegenden Wandel verantwortlich zu gestalten. In ihrer Begr\u00fc\u00dfungsansprache wies Liz Mohn auf die gro\u00dfen Chancen der Digitalisierung hin, aber auch","inLanguage":"en-US","isPartOf":{"@id":"https:\/\/empiricus.eu\/en\/#website"},"breadcrumb":{"@id":"https:\/\/empiricus.eu\/en\/bei-der-digitalen-transformation-geht-es-um-haltung-und-werte-und-nicht-um-technologie-2-en\/#breadcrumblist"},"author":{"@id":"https:\/\/empiricus.eu\/en\/author\/adminempiricus\/#author"},"creator":{"@id":"https:\/\/empiricus.eu\/en\/author\/adminempiricus\/#author"},"image":{"@type":"ImageObject","url":"https:\/\/empiricus.eu\/wp-content\/uploads\/2026\/05\/blog_38.jpg","@id":"https:\/\/empiricus.eu\/en\/bei-der-digitalen-transformation-geht-es-um-haltung-und-werte-und-nicht-um-technologie-2-en\/#mainImage","width":300,"height":293},"primaryImageOfPage":{"@id":"https:\/\/empiricus.eu\/en\/bei-der-digitalen-transformation-geht-es-um-haltung-und-werte-und-nicht-um-technologie-2-en\/#mainImage"},"datePublished":"2026-05-30T09:27:48+02:00","dateModified":"2026-05-30T09:27:48+02:00"},{"@type":"WebSite","@id":"https:\/\/empiricus.eu\/en\/#website","url":"https:\/\/empiricus.eu\/en\/","name":"IT Recruiting and Executive Advisory | empiricus GmbH","inLanguage":"en-US","publisher":{"@id":"https:\/\/empiricus.eu\/en\/#organization"}}]},"og:locale":"en_US","og:site_name":"IT Recruiting and Executive Advisory | empiricus GmbH -","og:type":"article","og:title":"\u201cBei der digitalen Transformation geht es um Haltung und Werte und nicht um Technologie\u201d - IT Recruiting and Executive Advisory | empiricus GmbH","og:description":"Das 2. Dialogforum zur \u201eZukunft der Arbeit\u201c stand ganz im Zeichen der Debatte um die digitale Transformation von Wirtschaft und Gesellschaft. Spitzenvertreter deutscher Unternehmen sowie digitale Vordenker diskutierten intensiv dar\u00fcber, wie es gelingen kann, den grundlegenden Wandel verantwortlich zu gestalten. In ihrer Begr\u00fc\u00dfungsansprache wies Liz Mohn auf die gro\u00dfen Chancen der Digitalisierung hin, aber auch","og:url":"https:\/\/empiricus.eu\/en\/bei-der-digitalen-transformation-geht-es-um-haltung-und-werte-und-nicht-um-technologie-2-en\/","article:published_time":"2026-05-30T09:27:48+00:00","article:modified_time":"2026-05-30T09:27:48+00:00","twitter:card":"summary_large_image","twitter:title":"\u201cBei der digitalen Transformation geht es um Haltung und Werte und nicht um Technologie\u201d - IT Recruiting and Executive Advisory | empiricus GmbH","twitter:description":"Das 2. Dialogforum zur \u201eZukunft der Arbeit\u201c stand ganz im Zeichen der Debatte um die digitale Transformation von Wirtschaft und Gesellschaft. Spitzenvertreter deutscher Unternehmen sowie digitale Vordenker diskutierten intensiv dar\u00fcber, wie es gelingen kann, den grundlegenden Wandel verantwortlich zu gestalten. In ihrer Begr\u00fc\u00dfungsansprache wies Liz Mohn auf die gro\u00dfen Chancen der Digitalisierung hin, aber auch"},"aioseo_meta_data":{"post_id":"8392","title":null,"description":null,"keywords":null,"keyphrases":{"focus":[],"additional":[]},"primary_term":null,"canonical_url":null,"og_title":null,"og_description":null,"og_object_type":"default","og_image_type":"default","og_image_custom_url":null,"og_image_custom_fields":null,"og_image_url":null,"og_image_width":null,"og_image_height":null,"og_video":null,"og_custom_url":null,"og_article_section":null,"og_article_tags":null,"twitter_use_og":false,"twitter_card":"default","twitter_image_type":"default","twitter_image_custom_url":null,"twitter_image_custom_fields":null,"twitter_image_url":null,"twitter_title":null,"twitter_description":null,"schema_type":"default","schema_type_options":null,"schema":{"blockGraphs":[],"customGraphs":[],"default":{"data":{"Article":[],"Course":[],"Dataset":[],"FAQPage":[],"Movie":[],"Person":[],"Product":[],"ProductReview":[],"Car":[],"Recipe":[],"Service":[],"SoftwareApplication":[],"WebPage":[]},"graphName":"","isEnabled":true},"graphs":[]},"pillar_content":false,"robots_default":true,"robots_noindex":false,"robots_noarchive":false,"robots_nosnippet":false,"robots_nofollow":false,"robots_noimageindex":false,"robots_noodp":false,"robots_notranslate":false,"robots_max_snippet":null,"robots_max_videopreview":null,"robots_max_imagepreview":"large","priority":null,"frequency":null,"local_seo":null,"limit_modified_date":false,"ai":null,"breadcrumb_settings":null,"seo_analyzer_scan_date":null,"created":"2026-07-27 08:27:25","updated":"2026-09-01 08:11:45","focus_keyword":null,"additional_keywords":null,"truseo_locale":null},"aioseo_breadcrumb":"<div class=\"aioseo-breadcrumbs\"><span class=\"aioseo-breadcrumb\">\n\t\t\t<a href=\"https:\/\/empiricus.eu\/en\/\" title=\"Home\">Home<\/a>\n\t\t<\/span><span class=\"aioseo-breadcrumb-separator\">&raquo;<\/span><span class=\"aioseo-breadcrumb\">\n\t\t\t<a href=\"https:\/\/empiricus.eu\/category\/ki-und-digitale-transformation\/\" title=\"KI und digitale Transformation\">KI und digitale Transformation<\/a>\n\t\t<\/span><span class=\"aioseo-breadcrumb-separator\">&raquo;<\/span><span class=\"aioseo-breadcrumb\">\n\t\t\t\u201cBei der digitalen Transformation geht es um Haltung und Werte und nicht um Technologie\u201d\n\t\t<\/span><\/div>","aioseo_breadcrumb_json":[{"label":"Home","link":"https:\/\/empiricus.eu\/en\/"},{"label":"KI und digitale Transformation","link":"https:\/\/empiricus.eu\/category\/ki-und-digitale-transformation\/"},{"label":"&#8220;Bei der digitalen Transformation geht es um Haltung und Werte und nicht um Technologie&#8221;","link":"https:\/\/empiricus.eu\/en\/bei-der-digitalen-transformation-geht-es-um-haltung-und-werte-und-nicht-um-technologie-2-en\/"}],"_links":{"self":[{"href":"https:\/\/empiricus.eu\/en\/wp-json\/wp\/v2\/posts\/8392","targetHints":{"allow":["GET"]}}],"collection":[{"href":"https:\/\/empiricus.eu\/en\/wp-json\/wp\/v2\/posts"}],"about":[{"href":"https:\/\/empiricus.eu\/en\/wp-json\/wp\/v2\/types\/post"}],"author":[{"embeddable":true,"href":"https:\/\/empiricus.eu\/en\/wp-json\/wp\/v2\/users\/1"}],"replies":[{"embeddable":true,"href":"https:\/\/empiricus.eu\/en\/wp-json\/wp\/v2\/comments?post=8392"}],"version-history":[{"count":0,"href":"https:\/\/empiricus.eu\/en\/wp-json\/wp\/v2\/posts\/8392\/revisions"}],"wp:featuredmedia":[{"embeddable":true,"href":"https:\/\/empiricus.eu\/en\/wp-json\/wp\/v2\/media\/5692"}],"wp:attachment":[{"href":"https:\/\/empiricus.eu\/en\/wp-json\/wp\/v2\/media?parent=8392"}],"wp:term":[{"taxonomy":"category","embeddable":true,"href":"https:\/\/empiricus.eu\/en\/wp-json\/wp\/v2\/categories?post=8392"},{"taxonomy":"post_tag","embeddable":true,"href":"https:\/\/empiricus.eu\/en\/wp-json\/wp\/v2\/tags?post=8392"}],"curies":[{"name":"wp","href":"https:\/\/api.w.org\/{rel}","templated":true}]}}